{"id":68234,"date":"2026-04-30T12:00:00","date_gmt":"2026-04-30T10:00:00","guid":{"rendered":"https:\/\/www.druni.es\/blog\/?p=68234"},"modified":"2026-04-29T16:48:12","modified_gmt":"2026-04-29T14:48:12","slug":"ardor-en-la-piel-causas-y-como-calmarlo","status":"publish","type":"post","link":"https:\/\/www.druni.es\/blog\/ardor-en-la-piel-causas-y-como-calmarlo\/","title":{"rendered":"Ardor en la piel: causas y c\u00f3mo calmarlo"},"content":{"rendered":"\n<p>\u00bfAlguna vez has sentido que tu rostro se enciende de repente o que ciertas zonas de tu cuerpo pican y queman sin una raz\u00f3n aparente? Esa <strong>sensaci\u00f3n de ardor en la piel<\/strong> es mucho m\u00e1s com\u00fan de lo que imaginas. Unas veces se describe como un hormigueo, otras como si nos hubi\u00e9ramos expuesto al sol m\u00e1s de la cuenta y, en ocasiones, simplemente dices: \u00ab<strong>me duele la piel como si estuviera quemada<\/strong>\u00ab.<\/p>\n\n\n\n<p>Conscientes de que no hay nada m\u00e1s desesperante que la incomodidad de la piel, en Druni vamos a explicarte <strong>qu\u00e9 hay detr\u00e1s de esa<\/strong> <strong>sensaci\u00f3n de quemaz\u00f3n en la piel<\/strong> y, sobre todo, a darte las claves para que vuelvas a sentirte bien en tu propia dermis.<\/p>\n\n\n\n<h2 id=\"que-es-exactamente-el-ardor-cutaneo\" class=\"wp-block-heading\">\u00bfQu\u00e9 es exactamente el ardor cut\u00e1neo?<\/h2>\n\n\n\n<figure class=\"wp-block-image size-full\"><img loading=\"lazy\" decoding=\"async\" width=\"868\" height=\"349\" src=\"https:\/\/www.druni.es\/blog\/wp-content\/uploads\/2026\/04\/30_Ardor_piel_img04.jpg\" alt=\"\" class=\"wp-image-69587\" srcset=\"https:\/\/www.druni.es\/blog\/wp-content\/uploads\/2026\/04\/30_Ardor_piel_img04.jpg 868w, https:\/\/www.druni.es\/blog\/wp-content\/uploads\/2026\/04\/30_Ardor_piel_img04-300x121.jpg 300w, https:\/\/www.druni.es\/blog\/wp-content\/uploads\/2026\/04\/30_Ardor_piel_img04-768x309.jpg 768w, https:\/\/www.druni.es\/blog\/wp-content\/uploads\/2026\/04\/30_Ardor_piel_img04-380x153.jpg 380w, https:\/\/www.druni.es\/blog\/wp-content\/uploads\/2026\/04\/30_Ardor_piel_img04-800x322.jpg 800w, https:\/\/www.druni.es\/blog\/wp-content\/uploads\/2026\/04\/30_Ardor_piel_img04-760x306.jpg 760w, https:\/\/www.druni.es\/blog\/wp-content\/uploads\/2026\/04\/30_Ardor_piel_img04-600x241.jpg 600w\" sizes=\"auto, (max-width: 868px) 100vw, 868px\" \/><\/figure>\n\n\n\n<p>El <strong>ardor es una respuesta de nuestro sistema sensorial ante una agresi\u00f3n o un desequilibrio<\/strong>. No es solo una molestia superficial; a menudo, las personas describen un ardor en la piel como si estuviera quemada, incluso cuando no hay rojez visible.<\/p>\n\n\n\n<p>Esta hipersensibilidad ocurre <strong>cuando la barrera protectora de la piel se debilita<\/strong>, dejando las terminaciones nerviosas expuestas a factores externos que normalmente no deber\u00edan afectarnos.<\/p>\n\n\n\n<p>En casos m\u00e1s complejos, hay quienes experimentan una <strong>sensaci\u00f3n de quemaz\u00f3n por dentro<\/strong>, lo cual puede estar relacionado con factores neurop\u00e1ticos o reacciones al\u00e9rgicas m\u00e1s profundas que veremos a continuaci\u00f3n.<\/p>\n\n\n\n<h2 id=\"que-causa-sensacion-de-ardor-en-la-piel\" class=\"wp-block-heading\">\u00bfQue causa sensaci\u00f3n de ardor en la piel?<\/h2>\n\n\n\n<figure class=\"wp-block-image size-full\"><img loading=\"lazy\" decoding=\"async\" width=\"868\" height=\"349\" src=\"https:\/\/www.druni.es\/blog\/wp-content\/uploads\/2026\/04\/30_Ardor_piel_img03.jpg\" alt=\"\" class=\"wp-image-69585\" srcset=\"https:\/\/www.druni.es\/blog\/wp-content\/uploads\/2026\/04\/30_Ardor_piel_img03.jpg 868w, https:\/\/www.druni.es\/blog\/wp-content\/uploads\/2026\/04\/30_Ardor_piel_img03-300x121.jpg 300w, https:\/\/www.druni.es\/blog\/wp-content\/uploads\/2026\/04\/30_Ardor_piel_img03-768x309.jpg 768w, https:\/\/www.druni.es\/blog\/wp-content\/uploads\/2026\/04\/30_Ardor_piel_img03-380x153.jpg 380w, https:\/\/www.druni.es\/blog\/wp-content\/uploads\/2026\/04\/30_Ardor_piel_img03-800x322.jpg 800w, https:\/\/www.druni.es\/blog\/wp-content\/uploads\/2026\/04\/30_Ardor_piel_img03-760x306.jpg 760w, https:\/\/www.druni.es\/blog\/wp-content\/uploads\/2026\/04\/30_Ardor_piel_img03-600x241.jpg 600w\" sizes=\"auto, (max-width: 868px) 100vw, 868px\" \/><\/figure>\n\n\n\n<p>Para encontrar la soluci\u00f3n, primero debemos identificar al culpable. Si te preguntas <strong>qu\u00e9 causa sensaci\u00f3n de ardor en la piel<\/strong>, aqu\u00ed tienes las causas m\u00e1s habituales:<\/p>\n\n\n\n<ul class=\"wp-block-list\">\n<li><strong>Barrera cut\u00e1nea da\u00f1ada:<\/strong> El uso de cosm\u00e9ticos demasiado agresivos, exfoliaciones excesivas o el clima extremo pueden romper la capa lip\u00eddica de la piel.<\/li>\n\n\n\n<li><strong>Dermatitis y alergias:<\/strong> El contacto con ciertas sustancias (fragancias, conservantes o incluso detergentes de ropa) puede provocar esa sensaci\u00f3n de quemaz\u00f3n en la piel tan inc\u00f3moda.<\/li>\n\n\n\n<li><strong>Exposici\u00f3n solar:<\/strong> Es la causa principal del ardor en la piel, pero a veces, el da\u00f1o ocurre de forma acumulativa sin que veamos una quemadura solar inmediata.<\/li>\n\n\n\n<li><strong>Cambios de temperatura:<\/strong> Pasar del fr\u00edo de la calle a la calefacci\u00f3n intensa de casa puede dilatar los capilares y generar ardor, especialmente en las mejillas.<\/li>\n\n\n\n<li><strong>Factores internos:<\/strong> En ocasiones, el estr\u00e9s, la ansiedad o incluso ciertos cambios hormonales pueden manifestarse como una sensaci\u00f3n de quemaz\u00f3n interna en el cuerpo.<br><br><\/li>\n<\/ul>\n\n\n\n<h2 id=\"me-duele-la-piel-como-si-estuviera-quemada-cuando-hay-que-preocuparse\" class=\"wp-block-heading\">Me duele la piel como si estuviera quemada: \u00bfcu\u00e1ndo hay que preocuparse?<\/h2>\n\n\n\n<figure class=\"wp-block-image size-full\"><img loading=\"lazy\" decoding=\"async\" width=\"868\" height=\"349\" src=\"https:\/\/www.druni.es\/blog\/wp-content\/uploads\/2026\/04\/30_Ardor_piel_img01.jpg\" alt=\"\" class=\"wp-image-69583\" srcset=\"https:\/\/www.druni.es\/blog\/wp-content\/uploads\/2026\/04\/30_Ardor_piel_img01.jpg 868w, https:\/\/www.druni.es\/blog\/wp-content\/uploads\/2026\/04\/30_Ardor_piel_img01-300x121.jpg 300w, https:\/\/www.druni.es\/blog\/wp-content\/uploads\/2026\/04\/30_Ardor_piel_img01-768x309.jpg 768w, https:\/\/www.druni.es\/blog\/wp-content\/uploads\/2026\/04\/30_Ardor_piel_img01-380x153.jpg 380w, https:\/\/www.druni.es\/blog\/wp-content\/uploads\/2026\/04\/30_Ardor_piel_img01-800x322.jpg 800w, https:\/\/www.druni.es\/blog\/wp-content\/uploads\/2026\/04\/30_Ardor_piel_img01-760x306.jpg 760w, https:\/\/www.druni.es\/blog\/wp-content\/uploads\/2026\/04\/30_Ardor_piel_img01-600x241.jpg 600w\" sizes=\"auto, (max-width: 868px) 100vw, 868px\" \/><\/figure>\n\n\n\n<p>Es importante <strong>diferenciar entre una irritaci\u00f3n pasajera y un problema que requiere atenci\u00f3n m\u00e9dica<\/strong>. Si la sensaci\u00f3n de ardor en la piel viene acompa\u00f1ada de ampollas, fiebre, hinchaz\u00f3n excesiva o si sientes una quemaz\u00f3n muy intensa y persistente, lo ideal es acudir a un dermat\u00f3logo.<\/p>\n\n\n\n<p>Sin embargo, si se trata de esa sensibilidad diaria que aparece tras lavarte la cara o al aplicar tu crema habitual, podemos trabajar en c\u00f3mo quitar el ardor de la piel mediante una rutina de cuidados calmantes.<\/p>\n\n\n\n<h2 id=\"como-calmar-ardor-en-la-cara-en-tu-dia-a-dia\" class=\"wp-block-heading\">C\u00f3mo calmar ardor en la cara en tu d\u00eda a d\u00eda<\/h2>\n\n\n\n<figure class=\"wp-block-image size-full\"><img loading=\"lazy\" decoding=\"async\" width=\"868\" height=\"349\" src=\"https:\/\/www.druni.es\/blog\/wp-content\/uploads\/2026\/04\/30_Ardor_piel_img02.jpg\" alt=\"\" class=\"wp-image-69584\" srcset=\"https:\/\/www.druni.es\/blog\/wp-content\/uploads\/2026\/04\/30_Ardor_piel_img02.jpg 868w, https:\/\/www.druni.es\/blog\/wp-content\/uploads\/2026\/04\/30_Ardor_piel_img02-300x121.jpg 300w, https:\/\/www.druni.es\/blog\/wp-content\/uploads\/2026\/04\/30_Ardor_piel_img02-768x309.jpg 768w, https:\/\/www.druni.es\/blog\/wp-content\/uploads\/2026\/04\/30_Ardor_piel_img02-380x153.jpg 380w, https:\/\/www.druni.es\/blog\/wp-content\/uploads\/2026\/04\/30_Ardor_piel_img02-800x322.jpg 800w, https:\/\/www.druni.es\/blog\/wp-content\/uploads\/2026\/04\/30_Ardor_piel_img02-760x306.jpg 760w, https:\/\/www.druni.es\/blog\/wp-content\/uploads\/2026\/04\/30_Ardor_piel_img02-600x241.jpg 600w\" sizes=\"auto, (max-width: 868px) 100vw, 868px\" \/><\/figure>\n\n\n\n<p>El rostro es la zona m\u00e1s expuesta y donde m\u00e1s solemos sufrir. Si buscas <strong>c\u00f3mo calmar el ardor en la cara<\/strong>, sigue este plan de emergencia:<\/p>\n\n\n\n<ul class=\"wp-block-list\">\n<li><strong>Simplifica al m\u00e1ximo:<\/strong> Suspende el uso de \u00e1cidos (glic\u00f3lico, salic\u00edlico), retinoles y exfoliantes f\u00edsicos hasta que la piel se recupere.<\/li>\n\n\n\n<li><strong>Limpieza sin jab\u00f3n:<\/strong> Usa leches limpiadoras o aguas micelares para pieles reactivas que no necesiten aclarado o que tengan ingredientes calmantes.<\/li>\n\n\n\n<li><strong>Agua termal:<\/strong> Es un imprescindible. Pulverizar agua termal ayuda a bajar la temperatura de la piel y aporta minerales que calman el ardor de inmediato.<\/li>\n\n\n\n<li><strong>Texturas ligeras y frescas:<\/strong> Opta por cremas tipo gel o b\u00e1lsamos reparadores espec\u00edficos para pieles intolerantes que no contengan perfumes ni alcohol.<\/li>\n<\/ul>\n\n\n\n<h2 id=\"como-quitar-el-ardor-de-la-piel-de-forma-efectiva\" class=\"wp-block-heading\">C\u00f3mo quitar el ardor de la piel de forma efectiva<\/h2>\n\n\n\n<figure class=\"wp-block-image size-full\"><img loading=\"lazy\" decoding=\"async\" width=\"868\" height=\"349\" src=\"https:\/\/www.druni.es\/blog\/wp-content\/uploads\/2026\/04\/30_Ardor_piel_img05.jpg\" alt=\"\" class=\"wp-image-69589\" srcset=\"https:\/\/www.druni.es\/blog\/wp-content\/uploads\/2026\/04\/30_Ardor_piel_img05.jpg 868w, https:\/\/www.druni.es\/blog\/wp-content\/uploads\/2026\/04\/30_Ardor_piel_img05-300x121.jpg 300w, https:\/\/www.druni.es\/blog\/wp-content\/uploads\/2026\/04\/30_Ardor_piel_img05-768x309.jpg 768w, https:\/\/www.druni.es\/blog\/wp-content\/uploads\/2026\/04\/30_Ardor_piel_img05-380x153.jpg 380w, https:\/\/www.druni.es\/blog\/wp-content\/uploads\/2026\/04\/30_Ardor_piel_img05-800x322.jpg 800w, https:\/\/www.druni.es\/blog\/wp-content\/uploads\/2026\/04\/30_Ardor_piel_img05-760x306.jpg 760w, https:\/\/www.druni.es\/blog\/wp-content\/uploads\/2026\/04\/30_Ardor_piel_img05-600x241.jpg 600w\" sizes=\"auto, (max-width: 868px) 100vw, 868px\" \/><\/figure>\n\n\n\n<p>M\u00e1s all\u00e1 del rostro, el cuerpo tambi\u00e9n puede sufrir. Para saber c\u00f3mo quitar el ardor de la piel de forma generalizada, te recomendamos:<\/p>\n\n\n\n<ul class=\"wp-block-list\">\n<li><strong>Hidrataci\u00f3n con ingredientes \u00abescudo\u00bb<\/strong><\/li>\n<\/ul>\n\n\n\n<p>Busca productos que contengan <strong>neurosensina<\/strong>, <strong>niacinamida<\/strong> o <strong>manteca de karit\u00e9<\/strong>. Estos ingredientes ayudan a \u00absellar\u00bb la barrera cut\u00e1nea y calman la reactividad de los nervios de la piel, aliviando la sensaci\u00f3n de quemaz\u00f3n en la piel.<\/p>\n\n\n\n<ul class=\"wp-block-list\">\n<li><strong>Ropa de fibras naturales<\/strong><\/li>\n<\/ul>\n\n\n\n<p>Si sientes ardor en la piel como si estuviera quemada en el cuerpo, <strong>evita los tejidos sint\u00e9ticos y la lana<\/strong>. El algod\u00f3n org\u00e1nico o el lino permiten que la piel respire y reducen la fricci\u00f3n que agrava el<strong> <\/strong>ardor en la piel.<\/p>\n\n\n\n<ul class=\"wp-block-list\">\n<li><strong>Duchas a temperatura templada<\/strong><\/li>\n<\/ul>\n\n\n\n<p>El <strong>agua muy caliente es uno de los peores enemigos de la piel sensible<\/strong>. Opta por duchas r\u00e1pidas con agua tibia y utiliza aceites de ducha en lugar de geles espumosos agresivos.<\/p>\n\n\n\n<h2 id=\"quemazon-de-la-piel-por-dentro-y-sensibilidad-interna\" class=\"wp-block-heading\">Quemaz\u00f3n de la piel por dentro y sensibilidad interna<\/h2>\n\n\n\n<figure class=\"wp-block-image size-full\"><img loading=\"lazy\" decoding=\"async\" width=\"868\" height=\"349\" src=\"https:\/\/www.druni.es\/blog\/wp-content\/uploads\/2026\/04\/30_Ardor_piel_img06.jpg\" alt=\"\" class=\"wp-image-69591\" srcset=\"https:\/\/www.druni.es\/blog\/wp-content\/uploads\/2026\/04\/30_Ardor_piel_img06.jpg 868w, https:\/\/www.druni.es\/blog\/wp-content\/uploads\/2026\/04\/30_Ardor_piel_img06-300x121.jpg 300w, https:\/\/www.druni.es\/blog\/wp-content\/uploads\/2026\/04\/30_Ardor_piel_img06-768x309.jpg 768w, https:\/\/www.druni.es\/blog\/wp-content\/uploads\/2026\/04\/30_Ardor_piel_img06-380x153.jpg 380w, https:\/\/www.druni.es\/blog\/wp-content\/uploads\/2026\/04\/30_Ardor_piel_img06-800x322.jpg 800w, https:\/\/www.druni.es\/blog\/wp-content\/uploads\/2026\/04\/30_Ardor_piel_img06-760x306.jpg 760w, https:\/\/www.druni.es\/blog\/wp-content\/uploads\/2026\/04\/30_Ardor_piel_img06-600x241.jpg 600w\" sizes=\"auto, (max-width: 868px) 100vw, 868px\" \/><\/figure>\n\n\n\n<p>A veces, la molestia no es solo t\u00e1ctil. La <strong>quemaz\u00f3n de la piel por dentro<\/strong> <strong>puede ser una se\u00f1al de que el sistema nervioso est\u00e1 sobreestimulado<\/strong>. En estos casos, adem\u00e1s de la cosm\u00e9tica, es fundamental trabajar en la relajaci\u00f3n y evitar alimentos muy picantes o bebidas alcoh\u00f3licas, que son conocidos por ser vasodilatadores y empeorar esta molesta sensaci\u00f3n.<\/p>\n\n\n\n<p>En conclusi\u00f3n, <strong>el<\/strong> <strong>ardor en la piel<\/strong> <strong>es una forma que tiene nuestro cuerpo de pedirnos un respiro<\/strong>. Ya sea porque has probado un producto nuevo que no te ha sentado bien o porque el estr\u00e9s est\u00e1 pasando factura a tu barrera cut\u00e1nea, lo m\u00e1s importante es volver a los b\u00e1sicos.<\/p>\n\n\n\n<p>En Druni queremos ayudarte a recuperar el confort. <strong>Recuerda que la piel tiene memoria y capacidad de regeneraci\u00f3n<\/strong>; solo necesita los ingredientes adecuados y mucha suavidad. Si aprendes a identificar la causa del ardor, estar\u00e1s a un paso de lucir una piel calmada, sana y luminosa.<\/p>\n\n\n\n<div class=\"wp-block-group\"><div class=\"wp-block-group__inner-container is-layout-flow wp-block-group-is-layout-flow\">\n<p id=\"wp-block-themeisle-blocks-advanced-heading-9d985381\" class=\"wp-block-themeisle-blocks-advanced-heading wp-block-themeisle-blocks-advanced-heading-9d985381 ticss-636c4928 is-style-default\"><strong>M\u00e1s art\u00edculos relacionados<\/strong><\/p>\n\n\n\n<p id=\"wp-block-themeisle-blocks-advanced-heading-34a7f84a\" class=\"wp-block-themeisle-blocks-advanced-heading wp-block-themeisle-blocks-advanced-heading-34a7f84a ticss-636c4928 is-style-default\"><strong>\u2193 &nbsp; \u2193 &nbsp; \u2193 &nbsp; \u2193 &nbsp; \u2193<\/strong><\/p>\n<\/div><\/div>\n\n\n\t<div class=\"cnvs-block-posts cnvs-block-posts-1664534996535 cnvs-block-posts-layout-standard-type-2\" data-layout=\"standard-type-2\" data-min-height=\"\">\n\t\t<div class=\"cs-posts-area\" data-posts-area=\"\">\n\t\t\t<div class=\"cs-posts-area__outer\">\n\t\t\t\t<div class=\"cs-posts-area__main cs-block-posts-layout-standard-type-2\">\n\t\t\t\t\t<article class=\"post-68234 post type-post status-publish format-standard has-post-thumbnail category-salud-belleza category-cosmetica tag-ardor-piel cs-entry cs-video-wrap\">\n\t<div class=\"cs-entry__outercs-entry__outer\">\n\t\t\t\t<div class=\"cs-entry__inner cs-entry__thumbnail cs-entry__overlay  cs-entry__setting-format cs-overlay-ratio cs-ratio-portrait\">\n\t\t\t<div class=\"cs-overlay-background cs-overlay-transparent\">\n\t\t\t\t<img loading=\"lazy\" decoding=\"async\" width=\"768\" height=\"479\" src=\"https:\/\/www.druni.es\/blog\/wp-content\/uploads\/2026\/04\/30_Ardor_piel_PORTADA-768x479.jpg\" class=\"attachment-medium_large size-medium_large wp-post-image\" alt=\"\" srcset=\"https:\/\/www.druni.es\/blog\/wp-content\/uploads\/2026\/04\/30_Ardor_piel_PORTADA-768x479.jpg 768w, https:\/\/www.druni.es\/blog\/wp-content\/uploads\/2026\/04\/30_Ardor_piel_PORTADA-300x187.jpg 300w, https:\/\/www.druni.es\/blog\/wp-content\/uploads\/2026\/04\/30_Ardor_piel_PORTADA-1024x638.jpg 1024w, https:\/\/www.druni.es\/blog\/wp-content\/uploads\/2026\/04\/30_Ardor_piel_PORTADA-380x237.jpg 380w, https:\/\/www.druni.es\/blog\/wp-content\/uploads\/2026\/04\/30_Ardor_piel_PORTADA-800x499.jpg 800w, https:\/\/www.druni.es\/blog\/wp-content\/uploads\/2026\/04\/30_Ardor_piel_PORTADA-1160x723.jpg 1160w, https:\/\/www.druni.es\/blog\/wp-content\/uploads\/2026\/04\/30_Ardor_piel_PORTADA-760x474.jpg 760w, https:\/\/www.druni.es\/blog\/wp-content\/uploads\/2026\/04\/30_Ardor_piel_PORTADA-600x374.jpg 600w, https:\/\/www.druni.es\/blog\/wp-content\/uploads\/2026\/04\/30_Ardor_piel_PORTADA.jpg 1200w\" sizes=\"auto, (max-width: 768px) 100vw, 768px\" \/>\t\t\t<\/div>\n\n\t\t\t\n\t\t\t\n\t\t\t\n\t\t\t<a class=\"cs-overlay-link\" href=\"https:\/\/www.druni.es\/blog\/ardor-en-la-piel-causas-y-como-calmarlo\/\"><\/a>\n\t\t<\/div>\n\t\t\n\t\t<div class=\"cs-entry__inner cs-entry__content \">\n\n\t\t\t\n\t\t\t\t<p class=\"cs-entry__title \">\n\t\t\t\t\t<a href=\"https:\/\/www.druni.es\/blog\/ardor-en-la-piel-causas-y-como-calmarlo\/\">Ardor en la piel: causas y c\u00f3mo calmarlo<\/a>\n\t\t\t<\/p>\n\t\n\t\t\t\n\t\t\t<div class=\"cs-entry__post-meta\" ><\/div>\n\t\t\t\t\t<\/div>\n\t<\/div>\n<\/article>\n\t\t\t\t<\/div>\n\t\t\t<\/div>\n\n\t\t\t\t\t<\/div>\n\t<\/div>\n\t\n\n\n<div class=\"wp-block-group\"><div class=\"wp-block-group__inner-container is-layout-flow wp-block-group-is-layout-flow\">\n<p id=\"wp-block-themeisle-blocks-advanced-heading-2f0f6003\" class=\"wp-block-themeisle-blocks-advanced-heading wp-block-themeisle-blocks-advanced-heading-2f0f6003 ticss-636c4928 is-style-default\"><strong>Preguntas frecuentes (FAQs)<\/strong><\/p>\n\n\n\n<p id=\"wp-block-themeisle-blocks-advanced-heading-856b5cf6\" class=\"wp-block-themeisle-blocks-advanced-heading wp-block-themeisle-blocks-advanced-heading-856b5cf6 ticss-636c4928 is-style-default\"><strong>\u2193 &nbsp; \u2193 &nbsp; \u2193 &nbsp; \u2193 &nbsp; \u2193<\/strong><\/p>\n<\/div><\/div>\n\n\n<div class=\"wp-block-ub-content-toggle wp-block-ub-content-toggle-block\" id=\"ub-content-toggle-block-3e7b30ee-8342-4acf-ac55-c0d4b0f7616d\" data-mobilecollapse=\"false\" data-desktopcollapse=\"false\" data-preventcollapse=\"false\" data-showonlyone=\"false\">\n<div class=\"wp-block-ub-content-toggle-accordion\" style=\"border-color: #f1f1f1; \" id=\"ub-content-toggle-panel-block-684bfb9a-a781-40c1-8302-46f42037b3e7\">\n\t\t\t<div class=\"wp-block-ub-content-toggle-accordion-title-wrap\" style=\"background-color: #f1f1f1;\" aria-controls=\"ub-content-toggle-panel-0-3e7b30ee-8342-4acf-ac55-c0d4b0f7616d\" tabindex=\"0\">\n\t\t\t<p class=\"wp-block-ub-content-toggle-accordion-title ub-content-toggle-title-3e7b30ee-8342-4acf-ac55-c0d4b0f7616d\" style=\"color: #000000; \">\u00bfQu\u00e9 es el ardor cut\u00e1neo y por qu\u00e9 se produce?<\/p>\n\t\t\t<div class=\"wp-block-ub-content-toggle-accordion-toggle-wrap right\" style=\"color: #000000;\"><span class=\"wp-block-ub-content-toggle-accordion-state-indicator wp-block-ub-chevron-down open\"><\/span><\/div>\n\t\t<\/div>\n\t\t\t<div role=\"region\" aria-expanded=\"true\" class=\"wp-block-ub-content-toggle-accordion-content-wrap\" id=\"ub-content-toggle-panel-0-3e7b30ee-8342-4acf-ac55-c0d4b0f7616d\">\n\n<p>El ardor en la piel es una respuesta del sistema sensorial ante agresiones o desequilibrios. Puede ser causado por una barrera cut\u00e1nea da\u00f1ada u otros factores externos.<\/p>\n\n<\/div>\n\t\t<\/div>\n\n<div class=\"wp-block-ub-content-toggle-accordion\" style=\"border-color: #f1f1f1; \" id=\"ub-content-toggle-panel-block-a0ee6f67-2c43-4e43-bf63-486ed2d00aab\">\n\t\t\t<div class=\"wp-block-ub-content-toggle-accordion-title-wrap\" style=\"background-color: #f1f1f1;\" aria-controls=\"ub-content-toggle-panel-1-3e7b30ee-8342-4acf-ac55-c0d4b0f7616d\" tabindex=\"0\">\n\t\t\t<p class=\"wp-block-ub-content-toggle-accordion-title ub-content-toggle-title-3e7b30ee-8342-4acf-ac55-c0d4b0f7616d\" style=\"color: #000000; \">\u00bfCu\u00e1les son las causas m\u00e1s comunes de la sensaci\u00f3n de ardor en la piel?<\/p>\n\t\t\t<div class=\"wp-block-ub-content-toggle-accordion-toggle-wrap right\" style=\"color: #000000;\"><span class=\"wp-block-ub-content-toggle-accordion-state-indicator wp-block-ub-chevron-down open\"><\/span><\/div>\n\t\t<\/div>\n\t\t\t<div role=\"region\" aria-expanded=\"true\" class=\"wp-block-ub-content-toggle-accordion-content-wrap\" id=\"ub-content-toggle-panel-1-3e7b30ee-8342-4acf-ac55-c0d4b0f7616d\">\n\n<p>Entre las causas habituales est\u00e1n la barrera cut\u00e1nea da\u00f1ada, dermatitis, alergias, exposici\u00f3n solar, cambios de temperatura y factores internos como el estr\u00e9s o cambios hormonales.<\/p>\n\n<\/div>\n\t\t<\/div>\n\n<div class=\"wp-block-ub-content-toggle-accordion\" style=\"border-color: #f1f1f1; \" id=\"ub-content-toggle-panel-block-45387736-699a-4417-b61c-c156b3d89b38\">\n\t\t\t<div class=\"wp-block-ub-content-toggle-accordion-title-wrap\" style=\"background-color: #f1f1f1;\" aria-controls=\"ub-content-toggle-panel-2-3e7b30ee-8342-4acf-ac55-c0d4b0f7616d\" tabindex=\"0\">\n\t\t\t<p class=\"wp-block-ub-content-toggle-accordion-title ub-content-toggle-title-3e7b30ee-8342-4acf-ac55-c0d4b0f7616d\" style=\"color: #000000; \">\u00bfCu\u00e1ndo se debe preocupar por una sensaci\u00f3n de ardor en la piel?<\/p>\n\t\t\t<div class=\"wp-block-ub-content-toggle-accordion-toggle-wrap right\" style=\"color: #000000;\"><span class=\"wp-block-ub-content-toggle-accordion-state-indicator wp-block-ub-chevron-down open\"><\/span><\/div>\n\t\t<\/div>\n\t\t\t<div role=\"region\" aria-expanded=\"true\" class=\"wp-block-ub-content-toggle-accordion-content-wrap\" id=\"ub-content-toggle-panel-2-3e7b30ee-8342-4acf-ac55-c0d4b0f7616d\">\n\n<p>Es necesario preocuparse si la sensaci\u00f3n de ardor en la piel viene acompa\u00f1ada de ampollas, fiebre, hinchaz\u00f3n excesiva o si es persistente e intensa. En esos casos, se recomienda acudir a un dermat\u00f3logo.<\/p>\n\n<\/div>\n\t\t<\/div>\n\n<div class=\"wp-block-ub-content-toggle-accordion\" style=\"border-color: #f1f1f1; \" id=\"ub-content-toggle-panel-block-f9dc46da-685f-44d9-84f9-de4728b22e26\">\n\t\t\t<div class=\"wp-block-ub-content-toggle-accordion-title-wrap\" style=\"background-color: #f1f1f1;\" aria-controls=\"ub-content-toggle-panel-3-3e7b30ee-8342-4acf-ac55-c0d4b0f7616d\" tabindex=\"0\">\n\t\t\t<p class=\"wp-block-ub-content-toggle-accordion-title ub-content-toggle-title-3e7b30ee-8342-4acf-ac55-c0d4b0f7616d\" style=\"color: #000000; \">\u00bfC\u00f3mo calmar el ardor en la piel de forma efectiva en el rostro y cuerpo?<\/p>\n\t\t\t<div class=\"wp-block-ub-content-toggle-accordion-toggle-wrap right\" style=\"color: #000000;\"><span class=\"wp-block-ub-content-toggle-accordion-state-indicator wp-block-ub-chevron-down open\"><\/span><\/div>\n\t\t<\/div>\n\t\t\t<div role=\"region\" aria-expanded=\"true\" class=\"wp-block-ub-content-toggle-accordion-content-wrap\" id=\"ub-content-toggle-panel-3-3e7b30ee-8342-4acf-ac55-c0d4b0f7616d\">\n\n<p>Para calmar el ardor en la cara, se recomienda simplificar la rutina, usar limpiadores suaves, agua termal y cremas ligeras. En el cuerpo, la hidrataci\u00f3n con ingredientes calmantes, usar ropa de fibras naturales y evitar duchas muy calientes son recomendables.<\/p>\n\n<\/div>\n\t\t<\/div>\n<\/div>\n\n<div class=\"kk-star-ratings kksr-auto kksr-align-left kksr-valign-bottom\"\n    data-payload='{&quot;align&quot;:&quot;left&quot;,&quot;id&quot;:&quot;68234&quot;,&quot;slug&quot;:&quot;default&quot;,&quot;valign&quot;:&quot;bottom&quot;,&quot;ignore&quot;:&quot;&quot;,&quot;reference&quot;:&quot;auto&quot;,&quot;class&quot;:&quot;&quot;,&quot;count&quot;:&quot;0&quot;,&quot;legendonly&quot;:&quot;&quot;,&quot;readonly&quot;:&quot;&quot;,&quot;score&quot;:&quot;0&quot;,&quot;starsonly&quot;:&quot;&quot;,&quot;best&quot;:&quot;5&quot;,&quot;gap&quot;:&quot;5&quot;,&quot;greet&quot;:&quot;Valora este contenido post&quot;,&quot;legend&quot;:&quot;0\\\/5 - (0 votos)&quot;,&quot;size&quot;:&quot;24&quot;,&quot;title&quot;:&quot;Ardor en la piel: causas y c\u00f3mo calmarlo&quot;,&quot;width&quot;:&quot;0&quot;,&quot;_legend&quot;:&quot;{score}\\\/{best} - ({count} {votes})&quot;,&quot;font_factor&quot;:&quot;1.25&quot;}'>\n            \n<div class=\"kksr-stars\">\n    \n<div class=\"kksr-stars-inactive\">\n            <div class=\"kksr-star\" data-star=\"1\" style=\"padding-right: 5px\">\n            \n\n<div class=\"kksr-icon\" style=\"width: 24px; height: 24px;\"><\/div>\n        <\/div>\n            <div class=\"kksr-star\" data-star=\"2\" style=\"padding-right: 5px\">\n            \n\n<div class=\"kksr-icon\" style=\"width: 24px; height: 24px;\"><\/div>\n        <\/div>\n            <div class=\"kksr-star\" data-star=\"3\" style=\"padding-right: 5px\">\n            \n\n<div class=\"kksr-icon\" style=\"width: 24px; height: 24px;\"><\/div>\n        <\/div>\n            <div class=\"kksr-star\" data-star=\"4\" style=\"padding-right: 5px\">\n            \n\n<div class=\"kksr-icon\" style=\"width: 24px; height: 24px;\"><\/div>\n        <\/div>\n            <div class=\"kksr-star\" data-star=\"5\" style=\"padding-right: 5px\">\n            \n\n<div class=\"kksr-icon\" style=\"width: 24px; height: 24px;\"><\/div>\n        <\/div>\n    <\/div>\n    \n<div class=\"kksr-stars-active\" style=\"width: 0px;\">\n            <div class=\"kksr-star\" style=\"padding-right: 5px\">\n            \n\n<div class=\"kksr-icon\" style=\"width: 24px; height: 24px;\"><\/div>\n        <\/div>\n            <div class=\"kksr-star\" style=\"padding-right: 5px\">\n            \n\n<div class=\"kksr-icon\" style=\"width: 24px; height: 24px;\"><\/div>\n        <\/div>\n            <div class=\"kksr-star\" style=\"padding-right: 5px\">\n            \n\n<div class=\"kksr-icon\" style=\"width: 24px; height: 24px;\"><\/div>\n        <\/div>\n            <div class=\"kksr-star\" style=\"padding-right: 5px\">\n            \n\n<div class=\"kksr-icon\" style=\"width: 24px; height: 24px;\"><\/div>\n        <\/div>\n            <div class=\"kksr-star\" style=\"padding-right: 5px\">\n            \n\n<div class=\"kksr-icon\" style=\"width: 24px; height: 24px;\"><\/div>\n        <\/div>\n    <\/div>\n<\/div>\n                \n\n<div class=\"kksr-legend\" style=\"font-size: 19.2px;\">\n            <span class=\"kksr-muted\">Valora este contenido post<\/span>\n    <\/div>\n    <\/div>\n","protected":false},"excerpt":{"rendered":"\u00bfAlguna vez has sentido que tu rostro se enciende de repente o que ciertas zonas de tu cuerpo&hellip;\n","protected":false},"author":2,"featured_media":69580,"comment_status":"closed","ping_status":"closed","sticky":false,"template":"","format":"standard","meta":{"_strive_editorial_status":"complete","_strive_copy_of":0,"_themeisle_gutenberg_block_has_review":false,"_strive_checklists":"\"\"","_strive_active_checklist":"","_strive_post_notes":"","footnotes":""},"categories":[15,191],"tags":[1594],"class_list":{"0":"post-68234","1":"post","2":"type-post","3":"status-publish","4":"format-standard","5":"has-post-thumbnail","7":"category-salud-belleza","8":"category-cosmetica","9":"tag-ardor-piel","10":"cs-entry","11":"cs-video-wrap"},"featured_image_src":"https:\/\/www.druni.es\/blog\/wp-content\/uploads\/2026\/04\/30_Ardor_piel_PORTADA.jpg","author_info":{"display_name":"Abraham Rodriguez","author_link":"https:\/\/www.druni.es\/blog\/author\/abraham\/"},"yoast_head":"<!-- This site is optimized with the Yoast SEO plugin v27.5 - https:\/\/yoast.com\/product\/yoast-seo-wordpress\/ -->\n<title>Ardor en la piel: causas y c\u00f3mo calmarlo \u2714 | Blog Druni<\/title>\n<meta name=\"description\" content=\"Descubre las causas del ardor en la piel y aprende c\u00f3mo calmarlo. No dejes que esa sensaci\u00f3n de quemaz\u00f3n te detenga. \ud83d\udd25 \u00a1Encuentra alivio ahora mismo!\" \/>\n<meta name=\"robots\" content=\"index, follow, max-snippet:-1, max-image-preview:large, max-video-preview:-1\" \/>\n<link rel=\"canonical\" href=\"https:\/\/www.druni.es\/blog\/ardor-en-la-piel-causas-y-como-calmarlo\/\" \/>\n<meta name=\"twitter:card\" content=\"summary_large_image\" \/>\n<meta name=\"twitter:title\" content=\"Ardor en la piel: causas y c\u00f3mo calmarlo \u2714 | Blog Druni\" \/>\n<meta name=\"twitter:description\" content=\"Descubre las causas del ardor en la piel y aprende c\u00f3mo calmarlo. No dejes que esa sensaci\u00f3n de quemaz\u00f3n te detenga. \ud83d\udd25 \u00a1Encuentra alivio ahora mismo!\" \/>\n<meta name=\"twitter:image\" content=\"https:\/\/www.druni.es\/blog\/wp-content\/uploads\/2026\/04\/30_Ardor_piel_PORTADA.jpg\" \/>\n<script type=\"application\/ld+json\" class=\"yoast-schema-graph\">{\"@context\":\"https:\\\/\\\/schema.org\",\"@graph\":[{\"@type\":\"Article\",\"@id\":\"https:\\\/\\\/www.druni.es\\\/blog\\\/ardor-en-la-piel-causas-y-como-calmarlo\\\/#article\",\"isPartOf\":{\"@id\":\"https:\\\/\\\/www.druni.es\\\/blog\\\/ardor-en-la-piel-causas-y-como-calmarlo\\\/\"},\"author\":{\"name\":\"Abraham Rodriguez\",\"@id\":\"https:\\\/\\\/www.druni.es\\\/blog\\\/#\\\/schema\\\/person\\\/cc4fe2731e5bfa782d44a1de390f4481\"},\"headline\":\"Ardor en la piel: causas y c\u00f3mo calmarlo\",\"datePublished\":\"2026-04-30T10:00:00+00:00\",\"mainEntityOfPage\":{\"@id\":\"https:\\\/\\\/www.druni.es\\\/blog\\\/ardor-en-la-piel-causas-y-como-calmarlo\\\/\"},\"wordCount\":1171,\"image\":{\"@id\":\"https:\\\/\\\/www.druni.es\\\/blog\\\/ardor-en-la-piel-causas-y-como-calmarlo\\\/#primaryimage\"},\"thumbnailUrl\":\"https:\\\/\\\/www.druni.es\\\/blog\\\/wp-content\\\/uploads\\\/2026\\\/04\\\/30_Ardor_piel_PORTADA.jpg\",\"keywords\":[\"ardor piel\"],\"articleSection\":[\"Salud y Belleza\",\"Todo sobre la cosm\u00e9tica\"],\"inLanguage\":\"es\"},{\"@type\":\"WebPage\",\"@id\":\"https:\\\/\\\/www.druni.es\\\/blog\\\/ardor-en-la-piel-causas-y-como-calmarlo\\\/\",\"url\":\"https:\\\/\\\/www.druni.es\\\/blog\\\/ardor-en-la-piel-causas-y-como-calmarlo\\\/\",\"name\":\"Ardor en la piel: causas y c\u00f3mo calmarlo \u2714 | Blog Druni\",\"isPartOf\":{\"@id\":\"https:\\\/\\\/www.druni.es\\\/blog\\\/#website\"},\"primaryImageOfPage\":{\"@id\":\"https:\\\/\\\/www.druni.es\\\/blog\\\/ardor-en-la-piel-causas-y-como-calmarlo\\\/#primaryimage\"},\"image\":{\"@id\":\"https:\\\/\\\/www.druni.es\\\/blog\\\/ardor-en-la-piel-causas-y-como-calmarlo\\\/#primaryimage\"},\"thumbnailUrl\":\"https:\\\/\\\/www.druni.es\\\/blog\\\/wp-content\\\/uploads\\\/2026\\\/04\\\/30_Ardor_piel_PORTADA.jpg\",\"datePublished\":\"2026-04-30T10:00:00+00:00\",\"author\":{\"@id\":\"https:\\\/\\\/www.druni.es\\\/blog\\\/#\\\/schema\\\/person\\\/cc4fe2731e5bfa782d44a1de390f4481\"},\"description\":\"Descubre las causas del ardor en la piel y aprende c\u00f3mo calmarlo. No dejes que esa sensaci\u00f3n de quemaz\u00f3n te detenga. \ud83d\udd25 \u00a1Encuentra alivio ahora mismo!\",\"breadcrumb\":{\"@id\":\"https:\\\/\\\/www.druni.es\\\/blog\\\/ardor-en-la-piel-causas-y-como-calmarlo\\\/#breadcrumb\"},\"inLanguage\":\"es\",\"potentialAction\":[{\"@type\":\"ReadAction\",\"target\":[\"https:\\\/\\\/www.druni.es\\\/blog\\\/ardor-en-la-piel-causas-y-como-calmarlo\\\/\"]}]},{\"@type\":\"ImageObject\",\"inLanguage\":\"es\",\"@id\":\"https:\\\/\\\/www.druni.es\\\/blog\\\/ardor-en-la-piel-causas-y-como-calmarlo\\\/#primaryimage\",\"url\":\"https:\\\/\\\/www.druni.es\\\/blog\\\/wp-content\\\/uploads\\\/2026\\\/04\\\/30_Ardor_piel_PORTADA.jpg\",\"contentUrl\":\"https:\\\/\\\/www.druni.es\\\/blog\\\/wp-content\\\/uploads\\\/2026\\\/04\\\/30_Ardor_piel_PORTADA.jpg\",\"width\":1200,\"height\":748},{\"@type\":\"BreadcrumbList\",\"@id\":\"https:\\\/\\\/www.druni.es\\\/blog\\\/ardor-en-la-piel-causas-y-como-calmarlo\\\/#breadcrumb\",\"itemListElement\":[{\"@type\":\"ListItem\",\"position\":1,\"name\":\"Druni Blog\",\"item\":\"https:\\\/\\\/www.druni.es\\\/blog\\\/\"},{\"@type\":\"ListItem\",\"position\":2,\"name\":\"Salud y Belleza\",\"item\":\"https:\\\/\\\/www.druni.es\\\/blog\\\/salud-belleza\\\/\"},{\"@type\":\"ListItem\",\"position\":3,\"name\":\"Todo sobre la cosm\u00e9tica\",\"item\":\"https:\\\/\\\/www.druni.es\\\/blog\\\/salud-belleza\\\/cosmetica\\\/\"},{\"@type\":\"ListItem\",\"position\":4,\"name\":\"Ardor Piel\"}]},{\"@type\":\"WebSite\",\"@id\":\"https:\\\/\\\/www.druni.es\\\/blog\\\/#website\",\"url\":\"https:\\\/\\\/www.druni.es\\\/blog\\\/\",\"name\":\"Druni Blog\",\"description\":\"Beauty &amp; Health\",\"potentialAction\":[{\"@type\":\"SearchAction\",\"target\":{\"@type\":\"EntryPoint\",\"urlTemplate\":\"https:\\\/\\\/www.druni.es\\\/blog\\\/?s={search_term_string}\"},\"query-input\":{\"@type\":\"PropertyValueSpecification\",\"valueRequired\":true,\"valueName\":\"search_term_string\"}}],\"inLanguage\":\"es\"},{\"@type\":\"Person\",\"@id\":\"https:\\\/\\\/www.druni.es\\\/blog\\\/#\\\/schema\\\/person\\\/cc4fe2731e5bfa782d44a1de390f4481\",\"name\":\"Abraham Rodriguez\",\"image\":{\"@type\":\"ImageObject\",\"inLanguage\":\"es\",\"@id\":\"https:\\\/\\\/secure.gravatar.com\\\/avatar\\\/a0b97b568facc7d687254dae39c5cfb79af095aebc91173945f2a50629c9fe1a?s=96&d=mm&r=g\",\"url\":\"https:\\\/\\\/secure.gravatar.com\\\/avatar\\\/a0b97b568facc7d687254dae39c5cfb79af095aebc91173945f2a50629c9fe1a?s=96&d=mm&r=g\",\"contentUrl\":\"https:\\\/\\\/secure.gravatar.com\\\/avatar\\\/a0b97b568facc7d687254dae39c5cfb79af095aebc91173945f2a50629c9fe1a?s=96&d=mm&r=g\",\"caption\":\"Abraham Rodriguez\"},\"description\":\"Como Head of SEO &amp; Contents del Grupo Druni, Abraham dise\u00f1a y dirige la estrategia de posicionamiento org\u00e1nico y desarrollo de audiencias de la cadena de perfumer\u00edas y cosm\u00e9tica m\u00e1s relevante del mercado espa\u00f1ol. Su trabajo combina SEO t\u00e9cnico avanzado, desarrollo de aplicaciones, integraci\u00f3n de APIs e incorporaci\u00f3n de inteligencia artificial en los procesos de trabajo, impactando directamente en la operativa diaria y en la visibilidad global de la marca. Ha liderado proyectos de migraci\u00f3n, integraci\u00f3n de plataformas ecommerce y mejora del rendimiento en druni.es, coordinando con equipos t\u00e9cnicos, de producto y de marketing. M\u00e1s sobre su trabajo en abrahamrodriguez.es.\",\"sameAs\":[\"http:\\\/\\\/abrahamrodriguez.es\"]}]}<\/script>\n<!-- \/ Yoast SEO plugin. -->","yoast_head_json":{"title":"Ardor en la piel: causas y c\u00f3mo calmarlo \u2714 | Blog Druni","description":"Descubre las causas del ardor en la piel y aprende c\u00f3mo calmarlo. No dejes que esa sensaci\u00f3n de quemaz\u00f3n te detenga. \ud83d\udd25 \u00a1Encuentra alivio ahora mismo!","robots":{"index":"index","follow":"follow","max-snippet":"max-snippet:-1","max-image-preview":"max-image-preview:large","max-video-preview":"max-video-preview:-1"},"canonical":"https:\/\/www.druni.es\/blog\/ardor-en-la-piel-causas-y-como-calmarlo\/","twitter_card":"summary_large_image","twitter_title":"Ardor en la piel: causas y c\u00f3mo calmarlo \u2714 | Blog Druni","twitter_description":"Descubre las causas del ardor en la piel y aprende c\u00f3mo calmarlo. No dejes que esa sensaci\u00f3n de quemaz\u00f3n te detenga. \ud83d\udd25 \u00a1Encuentra alivio ahora mismo!","twitter_image":"https:\/\/www.druni.es\/blog\/wp-content\/uploads\/2026\/04\/30_Ardor_piel_PORTADA.jpg","schema":{"@context":"https:\/\/schema.org","@graph":[{"@type":"Article","@id":"https:\/\/www.druni.es\/blog\/ardor-en-la-piel-causas-y-como-calmarlo\/#article","isPartOf":{"@id":"https:\/\/www.druni.es\/blog\/ardor-en-la-piel-causas-y-como-calmarlo\/"},"author":{"name":"Abraham Rodriguez","@id":"https:\/\/www.druni.es\/blog\/#\/schema\/person\/cc4fe2731e5bfa782d44a1de390f4481"},"headline":"Ardor en la piel: causas y c\u00f3mo calmarlo","datePublished":"2026-04-30T10:00:00+00:00","mainEntityOfPage":{"@id":"https:\/\/www.druni.es\/blog\/ardor-en-la-piel-causas-y-como-calmarlo\/"},"wordCount":1171,"image":{"@id":"https:\/\/www.druni.es\/blog\/ardor-en-la-piel-causas-y-como-calmarlo\/#primaryimage"},"thumbnailUrl":"https:\/\/www.druni.es\/blog\/wp-content\/uploads\/2026\/04\/30_Ardor_piel_PORTADA.jpg","keywords":["ardor piel"],"articleSection":["Salud y Belleza","Todo sobre la cosm\u00e9tica"],"inLanguage":"es"},{"@type":"WebPage","@id":"https:\/\/www.druni.es\/blog\/ardor-en-la-piel-causas-y-como-calmarlo\/","url":"https:\/\/www.druni.es\/blog\/ardor-en-la-piel-causas-y-como-calmarlo\/","name":"Ardor en la piel: causas y c\u00f3mo calmarlo \u2714 | Blog Druni","isPartOf":{"@id":"https:\/\/www.druni.es\/blog\/#website"},"primaryImageOfPage":{"@id":"https:\/\/www.druni.es\/blog\/ardor-en-la-piel-causas-y-como-calmarlo\/#primaryimage"},"image":{"@id":"https:\/\/www.druni.es\/blog\/ardor-en-la-piel-causas-y-como-calmarlo\/#primaryimage"},"thumbnailUrl":"https:\/\/www.druni.es\/blog\/wp-content\/uploads\/2026\/04\/30_Ardor_piel_PORTADA.jpg","datePublished":"2026-04-30T10:00:00+00:00","author":{"@id":"https:\/\/www.druni.es\/blog\/#\/schema\/person\/cc4fe2731e5bfa782d44a1de390f4481"},"description":"Descubre las causas del ardor en la piel y aprende c\u00f3mo calmarlo. No dejes que esa sensaci\u00f3n de quemaz\u00f3n te detenga. \ud83d\udd25 \u00a1Encuentra alivio ahora mismo!","breadcrumb":{"@id":"https:\/\/www.druni.es\/blog\/ardor-en-la-piel-causas-y-como-calmarlo\/#breadcrumb"},"inLanguage":"es","potentialAction":[{"@type":"ReadAction","target":["https:\/\/www.druni.es\/blog\/ardor-en-la-piel-causas-y-como-calmarlo\/"]}]},{"@type":"ImageObject","inLanguage":"es","@id":"https:\/\/www.druni.es\/blog\/ardor-en-la-piel-causas-y-como-calmarlo\/#primaryimage","url":"https:\/\/www.druni.es\/blog\/wp-content\/uploads\/2026\/04\/30_Ardor_piel_PORTADA.jpg","contentUrl":"https:\/\/www.druni.es\/blog\/wp-content\/uploads\/2026\/04\/30_Ardor_piel_PORTADA.jpg","width":1200,"height":748},{"@type":"BreadcrumbList","@id":"https:\/\/www.druni.es\/blog\/ardor-en-la-piel-causas-y-como-calmarlo\/#breadcrumb","itemListElement":[{"@type":"ListItem","position":1,"name":"Druni Blog","item":"https:\/\/www.druni.es\/blog\/"},{"@type":"ListItem","position":2,"name":"Salud y Belleza","item":"https:\/\/www.druni.es\/blog\/salud-belleza\/"},{"@type":"ListItem","position":3,"name":"Todo sobre la cosm\u00e9tica","item":"https:\/\/www.druni.es\/blog\/salud-belleza\/cosmetica\/"},{"@type":"ListItem","position":4,"name":"Ardor Piel"}]},{"@type":"WebSite","@id":"https:\/\/www.druni.es\/blog\/#website","url":"https:\/\/www.druni.es\/blog\/","name":"Druni Blog","description":"Beauty &amp; Health","potentialAction":[{"@type":"SearchAction","target":{"@type":"EntryPoint","urlTemplate":"https:\/\/www.druni.es\/blog\/?s={search_term_string}"},"query-input":{"@type":"PropertyValueSpecification","valueRequired":true,"valueName":"search_term_string"}}],"inLanguage":"es"},{"@type":"Person","@id":"https:\/\/www.druni.es\/blog\/#\/schema\/person\/cc4fe2731e5bfa782d44a1de390f4481","name":"Abraham Rodriguez","image":{"@type":"ImageObject","inLanguage":"es","@id":"https:\/\/secure.gravatar.com\/avatar\/a0b97b568facc7d687254dae39c5cfb79af095aebc91173945f2a50629c9fe1a?s=96&d=mm&r=g","url":"https:\/\/secure.gravatar.com\/avatar\/a0b97b568facc7d687254dae39c5cfb79af095aebc91173945f2a50629c9fe1a?s=96&d=mm&r=g","contentUrl":"https:\/\/secure.gravatar.com\/avatar\/a0b97b568facc7d687254dae39c5cfb79af095aebc91173945f2a50629c9fe1a?s=96&d=mm&r=g","caption":"Abraham Rodriguez"},"description":"Como Head of SEO &amp; Contents del Grupo Druni, Abraham dise\u00f1a y dirige la estrategia de posicionamiento org\u00e1nico y desarrollo de audiencias de la cadena de perfumer\u00edas y cosm\u00e9tica m\u00e1s relevante del mercado espa\u00f1ol. Su trabajo combina SEO t\u00e9cnico avanzado, desarrollo de aplicaciones, integraci\u00f3n de APIs e incorporaci\u00f3n de inteligencia artificial en los procesos de trabajo, impactando directamente en la operativa diaria y en la visibilidad global de la marca. Ha liderado proyectos de migraci\u00f3n, integraci\u00f3n de plataformas ecommerce y mejora del rendimiento en druni.es, coordinando con equipos t\u00e9cnicos, de producto y de marketing. M\u00e1s sobre su trabajo en abrahamrodriguez.es.","sameAs":["http:\/\/abrahamrodriguez.es"]}]}},"_links":{"self":[{"href":"https:\/\/www.druni.es\/blog\/wp-json\/wp\/v2\/posts\/68234","targetHints":{"allow":["GET"]}}],"collection":[{"href":"https:\/\/www.druni.es\/blog\/wp-json\/wp\/v2\/posts"}],"about":[{"href":"https:\/\/www.druni.es\/blog\/wp-json\/wp\/v2\/types\/post"}],"author":[{"embeddable":true,"href":"https:\/\/www.druni.es\/blog\/wp-json\/wp\/v2\/users\/2"}],"replies":[{"embeddable":true,"href":"https:\/\/www.druni.es\/blog\/wp-json\/wp\/v2\/comments?post=68234"}],"version-history":[{"count":4,"href":"https:\/\/www.druni.es\/blog\/wp-json\/wp\/v2\/posts\/68234\/revisions"}],"predecessor-version":[{"id":69592,"href":"https:\/\/www.druni.es\/blog\/wp-json\/wp\/v2\/posts\/68234\/revisions\/69592"}],"wp:featuredmedia":[{"embeddable":true,"href":"https:\/\/www.druni.es\/blog\/wp-json\/wp\/v2\/media\/69580"}],"wp:attachment":[{"href":"https:\/\/www.druni.es\/blog\/wp-json\/wp\/v2\/media?parent=68234"}],"wp:term":[{"taxonomy":"category","embeddable":true,"href":"https:\/\/www.druni.es\/blog\/wp-json\/wp\/v2\/categories?post=68234"},{"taxonomy":"post_tag","embeddable":true,"href":"https:\/\/www.druni.es\/blog\/wp-json\/wp\/v2\/tags?post=68234"}],"curies":[{"name":"wp","href":"https:\/\/api.w.org\/{rel}","templated":true}]}}