{"id":68236,"date":"2026-04-29T12:00:00","date_gmt":"2026-04-29T10:00:00","guid":{"rendered":"https:\/\/www.druni.es\/blog\/?p=68236"},"modified":"2026-04-29T09:42:12","modified_gmt":"2026-04-29T07:42:12","slug":"queilitis-que-es-y-como-cuidar-tus-labios","status":"publish","type":"post","link":"https:\/\/www.druni.es\/blog\/quelitis-como-prevenir-los-labios\/","title":{"rendered":"Queilitis: qu\u00e9 es y c\u00f3mo cuidar tus labios"},"content":{"rendered":"\n<p>\u00bfAlguna vez has sentido tus labios tan secos que incluso te duele sonre\u00edr? Todos hemos pasado por esa sensaci\u00f3n de tirantez, pero a veces, unas simples \u00abpellejitos\u00bb pueden esconder algo m\u00e1s persistente. Hablamos de la <strong>queilitis<\/strong>, <strong>una inflamaci\u00f3n que afecta a la delicada piel de nuestra boca<\/strong> y que puede resultar realmente molesta si no sabemos c\u00f3mo tratarla.<\/p>\n\n\n\n<p>En Druni queremos que luzcas una sonrisa sana y radiante. Por eso, hemos preparado este art\u00edculo para explicarte con detalle <strong>que es la queilitis<\/strong>, <strong>por qu\u00e9 aparece y qu\u00e9 puedes hacer para prevenirla<\/strong> y presumir de unos labios suaves y el\u00e1sticos todos los d\u00edas del a\u00f1o.<\/p>\n\n\n\n<h2 id=\"que-es-la-queilitis-y-como-identificarla\" class=\"wp-block-heading\">\u00bfQu\u00e9 es la queilitis y c\u00f3mo identificarla?<\/h2>\n\n\n\n<p>En t\u00e9rminos sencillos, la queilitis es <strong>la inflamaci\u00f3n aguda o cr\u00f3nica de la zona de los labios<\/strong>, que puede afectar tanto a la parte externa (la piel) como a la mucosa y la comisura (las esquinas de la boca).<\/p>\n\n\n\n<p>A diferencia de una sequedad pasajera por el fr\u00edo, <strong>la<\/strong> <strong>queilitis labial<\/strong> <strong>se manifiesta de forma m\u00e1s intensa<\/strong>. Los labios se vuelven rojos, se agrietan, se descaman y, en los casos m\u00e1s severos, pueden aparecer peque\u00f1as ampollas o costras. Es una afecci\u00f3n que nos indica que la barrera protectora de esta zona est\u00e1 da\u00f1ada y necesita mimos extra.<\/p>\n\n\n\n<h2 id=\"causas-de-la-queilitis-labial-causas\" class=\"wp-block-heading\">Causas de la queilitis labial causas<\/h2>\n\n\n\n<p>Los <strong>labios no tienen gl\u00e1ndulas seb\u00e1ceas ni sudor\u00edparas<\/strong>, lo que significa que no pueden hidratarse por s\u00ed mismos. Adem\u00e1s, <strong>la capa de queratina es muy fina<\/strong>, dej\u00e1ndolos expuestos a m\u00faltiples factores. Estas son las<strong> causas de la queilitis labial causas<\/strong> m\u00e1s comunes:<\/p>\n\n\n\n<ul class=\"wp-block-list\">\n<li><strong>Factores ambientales:<\/strong> El fr\u00edo extremo, el viento seco o la radiaci\u00f3n solar intensa sin protecci\u00f3n son los culpables m\u00e1s frecuentes de la <strong>queilitis en los labios<\/strong>.<\/li>\n\n\n\n<li><strong>H\u00e1bitos perjudiciales:<\/strong> Lamerse los labios constantemente (tICS) es contraproducente. La saliva contiene enzimas digestivas que irritan la piel y, al evaporarse, la deja a\u00fan m\u00e1s seca.<\/li>\n\n\n\n<li><strong>Deficiencias nutricionales:<\/strong> La falta de vitaminas del grupo B (especialmente B2, B6 y B12), hierro o zinc puede debilitar la mucosa oral.<\/li>\n\n\n\n<li><strong>Reacciones al\u00e9rgicas:<\/strong> Algunos componentes de barras de labios, pastas de dientes o incluso ciertos alimentos pueden provocar una respuesta inflamatoria.<\/li>\n\n\n\n<li><strong>Infecciones:<\/strong> Bacterias u hongos (como la <em>Candida<\/em>) suelen aprovechar las peque\u00f1as grietas para instalarse, especialmente en las comisuras.<\/li>\n<\/ul>\n\n\n\n<h2 id=\"tipos-de-queilitis-labial-mas-habituales\" class=\"wp-block-heading\">Tipos de queilitis labial m\u00e1s habituales<\/h2>\n\n\n\n<p>No todas las inflamaciones son iguales. Conocer los distintos <strong>tipos de queilitis labial<\/strong> te ayudar\u00e1 a identificar qu\u00e9 le pasa a tu sonrisa:<\/p>\n\n\n\n<ul class=\"wp-block-list\">\n<li><strong>Queilitis descamativa:<\/strong> Es la m\u00e1s habitual. Se caracteriza por una sequedad continua y la formaci\u00f3n de escamas de piel que nos vemos tentados a arrancar.<\/li>\n\n\n\n<li><strong>Queilitis angular (Boqueras):<\/strong> Se localiza en las comisuras de los labios. Suele ser dolorosa al abrir la boca y suele estar relacionada con la humedad acumulada o pr\u00f3tesis dentales desajustadas.<\/li>\n\n\n\n<li><strong>Queilitis act\u00ednica:<\/strong> Provocada por la exposici\u00f3n solar prolongada y acumulada a lo largo de los a\u00f1os. Suele afectar m\u00e1s al labio inferior y requiere supervisi\u00f3n m\u00e9dica.<\/li>\n\n\n\n<li><strong>Queilitis por contacto:<\/strong> Una reacci\u00f3n directa a un al\u00e9rgeno o irritante externo.<\/li>\n<\/ul>\n\n\n\n<h2 id=\"tratamiento-de-la-queilitis-labial-para-recuperar-la-suavidad\" class=\"wp-block-heading\">Tratamiento de la queilitis labial para recuperar la suavidad<\/h2>\n\n\n\n<p>Si ya sientes las molestias, es hora de buscar soluciones. El <strong>tratamiento de la<\/strong> <strong>queilitis labial depender\u00e1 de la causa<\/strong>, pero existen pautas generales que funcionan de maravilla.<\/p>\n\n\n\n<p>Si te preguntas <em>c\u00f3mo curar la queilitis en los labios<\/em>, <strong>lo primero es recuperar la hidrataci\u00f3n<\/strong>. Utiliza <a href=\"https:\/\/www.druni.es\/cosmetica\/facial\/balsamos-labiales-cacaos-protectores?srsltid=AfmBOoo6Lgqcw5aPRf53z7oh-udll9iCST5nIPs9Q9gikw-hzzZmOW4h\"><strong>b\u00e1lsamos<\/strong><\/a> que contengan ingredientes oclusivos y reparadores como la manteca de karit\u00e9, la cera de abejas, las ceramidas o el pantenol. Estos componentes crean una barrera que impide que el agua se escape.<\/p>\n\n\n\n<p>Para saber <strong>c\u00f3mo tratar la queilitis en labios<\/strong> <strong>de forma eficaz<\/strong>, sigue estos pasos:<\/p>\n\n\n\n<ul class=\"wp-block-list\">\n<li><strong>Aplica protecci\u00f3n solar labial:<\/strong> No salgas de casa sin un SPF espec\u00edfico para labios, incluso en invierno.<\/li>\n\n\n\n<li><strong>No te lamas los labios:<\/strong> Es el paso m\u00e1s dif\u00edcil pero el m\u00e1s importante para la recuperaci\u00f3n.<\/li>\n\n\n\n<li><strong>Bebe suficiente agua:<\/strong> La hidrataci\u00f3n empieza desde el interior.<\/li>\n<\/ul>\n\n\n\n<p>En casos donde existe infecci\u00f3n (como la angular), el tratamiento de la queilitis en los labiospuede requerir <strong>pomadas antibi\u00f3ticas o antif\u00fangicas<\/strong> recetadas por un profesional.<\/p>\n\n\n\n<h2 id=\"la-prevencion-es-la-clave-para-unos-labios-perfectos\" class=\"wp-block-heading\">La prevenci\u00f3n es la clave para unos labios perfectos<\/h2>\n\n\n\n<p>Como dice el refr\u00e1n, m\u00e1s vale prevenir que curar. Aqu\u00ed tienes los consejos de oro para que la queilitis en los labios no vuelva a aparecer:<\/p>\n\n\n\n<ul class=\"wp-block-list\">\n<li><strong>Exfoliaci\u00f3n suave:<\/strong> Una vez a la semana, realiza una exfoliaci\u00f3n muy delicada para eliminar c\u00e9lulas muertas, pero hazlo solo si los labios no est\u00e1n irritados.<\/li>\n\n\n\n<li><strong>Higiene dental:<\/strong> Mantener una boca sana reduce la proliferaci\u00f3n de bacterias que pueden migrar a los labios.<\/li>\n\n\n\n<li><strong>Dieta equilibrada:<\/strong> Aseg\u00farate de consumir frutas, verduras y legumbres para evitar carencias vitam\u00ednicas.<\/li>\n\n\n\n<li><strong>Usa productos de calidad:<\/strong> En Druni siempre recomendamos apostar por dermocosm\u00e9tica testada que respete el pH de tu piel.<\/li>\n<\/ul>\n\n\n\n<p>La <strong>queilitis<\/strong> <strong>puede ser muy inc\u00f3moda<\/strong>, pero con constancia y los productos adecuados, tus labios volver\u00e1n a estar suaves y listos para cualquier aventura. Recuerda que la piel de tu boca es tu carta de presentaci\u00f3n y merece los mismos cuidados que el resto de tu rostro.<\/p>\n\n\n\n<div class=\"wp-block-group\"><div class=\"wp-block-group__inner-container is-layout-flow wp-block-group-is-layout-flow\">\n<p id=\"wp-block-themeisle-blocks-advanced-heading-9d985381\" class=\"wp-block-themeisle-blocks-advanced-heading wp-block-themeisle-blocks-advanced-heading-9d985381 ticss-636c4928 is-style-default\"><strong>M\u00e1s art\u00edculos relacionados<\/strong><\/p>\n\n\n\n<p id=\"wp-block-themeisle-blocks-advanced-heading-34a7f84a\" class=\"wp-block-themeisle-blocks-advanced-heading wp-block-themeisle-blocks-advanced-heading-34a7f84a ticss-636c4928 is-style-default\"><strong>\u2193 &nbsp; \u2193 &nbsp; \u2193 &nbsp; \u2193 &nbsp; \u2193<\/strong><\/p>\n<\/div><\/div>\n\n\n\t<div class=\"cnvs-block-posts cnvs-block-posts-1664534996535 cnvs-block-posts-layout-standard-type-2\" data-layout=\"standard-type-2\" data-min-height=\"\">\n\t\t<div class=\"cs-posts-area\" data-posts-area=\"\">\n\t\t\t<div class=\"cs-posts-area__outer\">\n\t\t\t\t<div class=\"cs-posts-area__main cs-block-posts-layout-standard-type-2\">\n\t\t\t\t\t<article class=\"post-68236 post type-post status-publish format-standard has-post-thumbnail category-cuidado-para-labios category-salud-belleza category-cosmetica tag-queilitis cs-entry cs-video-wrap\">\n\t<div class=\"cs-entry__outercs-entry__outer\">\n\t\t\t\t<div class=\"cs-entry__inner cs-entry__thumbnail cs-entry__overlay  cs-entry__setting-format cs-overlay-ratio cs-ratio-portrait\">\n\t\t\t<div class=\"cs-overlay-background cs-overlay-transparent\">\n\t\t\t\t<img loading=\"lazy\" decoding=\"async\" width=\"768\" height=\"479\" src=\"https:\/\/www.druni.es\/blog\/wp-content\/uploads\/2026\/04\/29_Queilitis_PORTADA-768x479.jpg\" class=\"attachment-medium_large size-medium_large wp-post-image\" alt=\"\" srcset=\"https:\/\/www.druni.es\/blog\/wp-content\/uploads\/2026\/04\/29_Queilitis_PORTADA-768x479.jpg 768w, https:\/\/www.druni.es\/blog\/wp-content\/uploads\/2026\/04\/29_Queilitis_PORTADA-300x187.jpg 300w, https:\/\/www.druni.es\/blog\/wp-content\/uploads\/2026\/04\/29_Queilitis_PORTADA-1024x638.jpg 1024w, https:\/\/www.druni.es\/blog\/wp-content\/uploads\/2026\/04\/29_Queilitis_PORTADA-380x237.jpg 380w, https:\/\/www.druni.es\/blog\/wp-content\/uploads\/2026\/04\/29_Queilitis_PORTADA-800x499.jpg 800w, https:\/\/www.druni.es\/blog\/wp-content\/uploads\/2026\/04\/29_Queilitis_PORTADA-1160x723.jpg 1160w, https:\/\/www.druni.es\/blog\/wp-content\/uploads\/2026\/04\/29_Queilitis_PORTADA-760x474.jpg 760w, https:\/\/www.druni.es\/blog\/wp-content\/uploads\/2026\/04\/29_Queilitis_PORTADA-600x374.jpg 600w, https:\/\/www.druni.es\/blog\/wp-content\/uploads\/2026\/04\/29_Queilitis_PORTADA.jpg 1200w\" sizes=\"auto, (max-width: 768px) 100vw, 768px\" \/>\t\t\t<\/div>\n\n\t\t\t\n\t\t\t\n\t\t\t\n\t\t\t<a class=\"cs-overlay-link\" href=\"https:\/\/www.druni.es\/blog\/quelitis-como-prevenir-los-labios\/\"><\/a>\n\t\t<\/div>\n\t\t\n\t\t<div class=\"cs-entry__inner cs-entry__content \">\n\n\t\t\t\n\t\t\t\t<p class=\"cs-entry__title \">\n\t\t\t\t\t<a href=\"https:\/\/www.druni.es\/blog\/quelitis-como-prevenir-los-labios\/\">Queilitis: qu\u00e9 es y c\u00f3mo cuidar tus labios<\/a>\n\t\t\t<\/p>\n\t\n\t\t\t\n\t\t\t<div class=\"cs-entry__post-meta\" ><\/div>\n\t\t\t\t\t<\/div>\n\t<\/div>\n<\/article>\n\t\t\t\t<\/div>\n\t\t\t<\/div>\n\n\t\t\t\t\t<\/div>\n\t<\/div>\n\t\n\n\n<div class=\"wp-block-group\"><div class=\"wp-block-group__inner-container is-layout-flow wp-block-group-is-layout-flow\">\n<p id=\"wp-block-themeisle-blocks-advanced-heading-2f0f6003\" class=\"wp-block-themeisle-blocks-advanced-heading wp-block-themeisle-blocks-advanced-heading-2f0f6003 ticss-636c4928 is-style-default\"><strong>Preguntas frecuentes (FAQs)<\/strong><\/p>\n\n\n\n<p id=\"wp-block-themeisle-blocks-advanced-heading-856b5cf6\" class=\"wp-block-themeisle-blocks-advanced-heading wp-block-themeisle-blocks-advanced-heading-856b5cf6 ticss-636c4928 is-style-default\"><strong>\u2193 &nbsp; \u2193 &nbsp; \u2193 &nbsp; \u2193 &nbsp; \u2193<\/strong><\/p>\n<\/div><\/div>\n\n\n<div class=\"wp-block-ub-content-toggle wp-block-ub-content-toggle-block\" id=\"ub-content-toggle-block-02df0afc-8ebb-4969-aab9-7fb23a62d588\" data-mobilecollapse=\"false\" data-desktopcollapse=\"false\" data-preventcollapse=\"false\" data-showonlyone=\"false\">\n<div class=\"wp-block-ub-content-toggle-accordion\" style=\"border-color: #f1f1f1; \" id=\"ub-content-toggle-panel-block-c7a252c4-879e-4b6b-a14e-3a5252ad1c34\">\n\t\t\t<div class=\"wp-block-ub-content-toggle-accordion-title-wrap\" style=\"background-color: #f1f1f1;\" aria-controls=\"ub-content-toggle-panel-0-02df0afc-8ebb-4969-aab9-7fb23a62d588\" tabindex=\"0\">\n\t\t\t<p class=\"wp-block-ub-content-toggle-accordion-title ub-content-toggle-title-02df0afc-8ebb-4969-aab9-7fb23a62d588\" style=\"color: #000000; \"><\/p>\n\t\t\t<div class=\"wp-block-ub-content-toggle-accordion-toggle-wrap right\" style=\"color: #000000;\"><span class=\"wp-block-ub-content-toggle-accordion-state-indicator wp-block-ub-chevron-down open\"><\/span><\/div>\n\t\t<\/div>\n\t\t\t<div role=\"region\" aria-expanded=\"true\" class=\"wp-block-ub-content-toggle-accordion-content-wrap\" id=\"ub-content-toggle-panel-0-02df0afc-8ebb-4969-aab9-7fb23a62d588\">\n\n<p><\/p>\n\n<\/div>\n\t\t<\/div>\n\n<div class=\"wp-block-ub-content-toggle-accordion\" style=\"border-color: #f1f1f1; \" id=\"ub-content-toggle-panel-block-341a67e3-fcc6-40f1-8418-16576bdbeecd\">\n\t\t\t<div class=\"wp-block-ub-content-toggle-accordion-title-wrap\" style=\"background-color: #f1f1f1;\" aria-controls=\"ub-content-toggle-panel-1-02df0afc-8ebb-4969-aab9-7fb23a62d588\" tabindex=\"0\">\n\t\t\t<p class=\"wp-block-ub-content-toggle-accordion-title ub-content-toggle-title-02df0afc-8ebb-4969-aab9-7fb23a62d588\" style=\"color: #000000; \"><\/p>\n\t\t\t<div class=\"wp-block-ub-content-toggle-accordion-toggle-wrap right\" style=\"color: #000000;\"><span class=\"wp-block-ub-content-toggle-accordion-state-indicator wp-block-ub-chevron-down open\"><\/span><\/div>\n\t\t<\/div>\n\t\t\t<div role=\"region\" aria-expanded=\"true\" class=\"wp-block-ub-content-toggle-accordion-content-wrap\" id=\"ub-content-toggle-panel-1-02df0afc-8ebb-4969-aab9-7fb23a62d588\">\n\n<p><\/p>\n\n<\/div>\n\t\t<\/div>\n\n<div class=\"wp-block-ub-content-toggle-accordion\" style=\"border-color: #f1f1f1; \" id=\"ub-content-toggle-panel-block-7298120c-9e5e-4b3c-b3f6-35cc52ca96f8\">\n\t\t\t<div class=\"wp-block-ub-content-toggle-accordion-title-wrap\" style=\"background-color: #f1f1f1;\" aria-controls=\"ub-content-toggle-panel-2-02df0afc-8ebb-4969-aab9-7fb23a62d588\" tabindex=\"0\">\n\t\t\t<p class=\"wp-block-ub-content-toggle-accordion-title ub-content-toggle-title-02df0afc-8ebb-4969-aab9-7fb23a62d588\" style=\"color: #000000; \"><\/p>\n\t\t\t<div class=\"wp-block-ub-content-toggle-accordion-toggle-wrap right\" style=\"color: #000000;\"><span class=\"wp-block-ub-content-toggle-accordion-state-indicator wp-block-ub-chevron-down open\"><\/span><\/div>\n\t\t<\/div>\n\t\t\t<div role=\"region\" aria-expanded=\"true\" class=\"wp-block-ub-content-toggle-accordion-content-wrap\" id=\"ub-content-toggle-panel-2-02df0afc-8ebb-4969-aab9-7fb23a62d588\">\n\n<p><\/p>\n\n<\/div>\n\t\t<\/div>\n\n<div class=\"wp-block-ub-content-toggle-accordion\" style=\"border-color: #f1f1f1; \" id=\"ub-content-toggle-panel-block-b976a8e6-04a2-4c53-95e9-4ece116fdae4\">\n\t\t\t<div class=\"wp-block-ub-content-toggle-accordion-title-wrap\" style=\"background-color: #f1f1f1;\" aria-controls=\"ub-content-toggle-panel-3-02df0afc-8ebb-4969-aab9-7fb23a62d588\" tabindex=\"0\">\n\t\t\t<p class=\"wp-block-ub-content-toggle-accordion-title ub-content-toggle-title-02df0afc-8ebb-4969-aab9-7fb23a62d588\" style=\"color: #000000; \"><\/p>\n\t\t\t<div class=\"wp-block-ub-content-toggle-accordion-toggle-wrap right\" style=\"color: #000000;\"><span class=\"wp-block-ub-content-toggle-accordion-state-indicator wp-block-ub-chevron-down open\"><\/span><\/div>\n\t\t<\/div>\n\t\t\t<div role=\"region\" aria-expanded=\"true\" class=\"wp-block-ub-content-toggle-accordion-content-wrap\" id=\"ub-content-toggle-panel-3-02df0afc-8ebb-4969-aab9-7fb23a62d588\">\n\n<p><\/p>\n\n<\/div>\n\t\t<\/div>\n<\/div>\n\n<div class=\"kk-star-ratings kksr-auto kksr-align-left kksr-valign-bottom\"\n    data-payload='{&quot;align&quot;:&quot;left&quot;,&quot;id&quot;:&quot;68236&quot;,&quot;slug&quot;:&quot;default&quot;,&quot;valign&quot;:&quot;bottom&quot;,&quot;ignore&quot;:&quot;&quot;,&quot;reference&quot;:&quot;auto&quot;,&quot;class&quot;:&quot;&quot;,&quot;count&quot;:&quot;0&quot;,&quot;legendonly&quot;:&quot;&quot;,&quot;readonly&quot;:&quot;&quot;,&quot;score&quot;:&quot;0&quot;,&quot;starsonly&quot;:&quot;&quot;,&quot;best&quot;:&quot;5&quot;,&quot;gap&quot;:&quot;5&quot;,&quot;greet&quot;:&quot;Valora este contenido post&quot;,&quot;legend&quot;:&quot;0\\\/5 - (0 votos)&quot;,&quot;size&quot;:&quot;24&quot;,&quot;title&quot;:&quot;Queilitis: qu\u00e9 es y c\u00f3mo cuidar tus labios&quot;,&quot;width&quot;:&quot;0&quot;,&quot;_legend&quot;:&quot;{score}\\\/{best} - ({count} {votes})&quot;,&quot;font_factor&quot;:&quot;1.25&quot;}'>\n            \n<div class=\"kksr-stars\">\n    \n<div class=\"kksr-stars-inactive\">\n            <div class=\"kksr-star\" data-star=\"1\" style=\"padding-right: 5px\">\n            \n\n<div class=\"kksr-icon\" style=\"width: 24px; height: 24px;\"><\/div>\n        <\/div>\n            <div class=\"kksr-star\" data-star=\"2\" style=\"padding-right: 5px\">\n            \n\n<div class=\"kksr-icon\" style=\"width: 24px; height: 24px;\"><\/div>\n        <\/div>\n            <div class=\"kksr-star\" data-star=\"3\" style=\"padding-right: 5px\">\n            \n\n<div class=\"kksr-icon\" style=\"width: 24px; height: 24px;\"><\/div>\n        <\/div>\n            <div class=\"kksr-star\" data-star=\"4\" style=\"padding-right: 5px\">\n            \n\n<div class=\"kksr-icon\" style=\"width: 24px; height: 24px;\"><\/div>\n        <\/div>\n            <div class=\"kksr-star\" data-star=\"5\" style=\"padding-right: 5px\">\n            \n\n<div class=\"kksr-icon\" style=\"width: 24px; height: 24px;\"><\/div>\n        <\/div>\n    <\/div>\n    \n<div class=\"kksr-stars-active\" style=\"width: 0px;\">\n            <div class=\"kksr-star\" style=\"padding-right: 5px\">\n            \n\n<div class=\"kksr-icon\" style=\"width: 24px; height: 24px;\"><\/div>\n        <\/div>\n            <div class=\"kksr-star\" style=\"padding-right: 5px\">\n            \n\n<div class=\"kksr-icon\" style=\"width: 24px; height: 24px;\"><\/div>\n        <\/div>\n            <div class=\"kksr-star\" style=\"padding-right: 5px\">\n            \n\n<div class=\"kksr-icon\" style=\"width: 24px; height: 24px;\"><\/div>\n        <\/div>\n            <div class=\"kksr-star\" style=\"padding-right: 5px\">\n            \n\n<div class=\"kksr-icon\" style=\"width: 24px; height: 24px;\"><\/div>\n        <\/div>\n            <div class=\"kksr-star\" style=\"padding-right: 5px\">\n            \n\n<div class=\"kksr-icon\" style=\"width: 24px; height: 24px;\"><\/div>\n        <\/div>\n    <\/div>\n<\/div>\n                \n\n<div class=\"kksr-legend\" style=\"font-size: 19.2px;\">\n            <span class=\"kksr-muted\">Valora este contenido post<\/span>\n    <\/div>\n    <\/div>\n","protected":false},"excerpt":{"rendered":"\u00bfAlguna vez has sentido tus labios tan secos que incluso te duele sonre\u00edr? Todos hemos pasado por esa&hellip;\n","protected":false},"author":2,"featured_media":69526,"comment_status":"closed","ping_status":"closed","sticky":false,"template":"","format":"standard","meta":{"_strive_editorial_status":"editing","_strive_copy_of":0,"_themeisle_gutenberg_block_has_review":false,"_strive_checklists":"\"\"","_strive_active_checklist":"","_strive_post_notes":"","footnotes":""},"categories":[443,15,191],"tags":[1596],"class_list":{"0":"post-68236","1":"post","2":"type-post","3":"status-publish","4":"format-standard","5":"has-post-thumbnail","7":"category-cuidado-para-labios","8":"category-salud-belleza","9":"category-cosmetica","10":"tag-queilitis","11":"cs-entry","12":"cs-video-wrap"},"featured_image_src":"https:\/\/www.druni.es\/blog\/wp-content\/uploads\/2026\/04\/29_Queilitis_PORTADA.jpg","author_info":{"display_name":"Abraham Rodriguez","author_link":"https:\/\/www.druni.es\/blog\/author\/abraham\/"},"yoast_head":"<!-- This site is optimized with the Yoast SEO plugin v27.4 - https:\/\/yoast.com\/product\/yoast-seo-wordpress\/ -->\n<title>Queilitis: qu\u00e9 es y c\u00f3mo cuidar tus labios \u2714 | Blog Druni<\/title>\n<meta name=\"robots\" content=\"index, follow, max-snippet:-1, max-image-preview:large, max-video-preview:-1\" \/>\n<link rel=\"canonical\" href=\"https:\/\/www.druni.es\/blog\/quelitis-como-prevenir-los-labios\/\" \/>\n<meta name=\"twitter:card\" content=\"summary_large_image\" \/>\n<meta name=\"twitter:title\" content=\"Queilitis: qu\u00e9 es y c\u00f3mo cuidar tus labios \u2714 | Blog Druni\" \/>\n<meta name=\"twitter:description\" content=\"\u00bfAlguna vez has sentido tus labios tan secos que incluso te duele sonre\u00edr? Todos hemos pasado por esa&hellip;\" \/>\n<meta name=\"twitter:image\" content=\"https:\/\/www.druni.es\/blog\/wp-content\/uploads\/2026\/04\/29_Queilitis_PORTADA.jpg\" \/>\n<script type=\"application\/ld+json\" class=\"yoast-schema-graph\">{\"@context\":\"https:\\\/\\\/schema.org\",\"@graph\":[{\"@type\":\"Article\",\"@id\":\"https:\\\/\\\/www.druni.es\\\/blog\\\/quelitis-como-prevenir-los-labios\\\/#article\",\"isPartOf\":{\"@id\":\"https:\\\/\\\/www.druni.es\\\/blog\\\/quelitis-como-prevenir-los-labios\\\/\"},\"author\":{\"name\":\"Abraham Rodriguez\",\"@id\":\"https:\\\/\\\/www.druni.es\\\/blog\\\/#\\\/schema\\\/person\\\/cc4fe2731e5bfa782d44a1de390f4481\"},\"headline\":\"Queilitis: qu\u00e9 es y c\u00f3mo cuidar tus labios\",\"datePublished\":\"2026-04-29T10:00:00+00:00\",\"mainEntityOfPage\":{\"@id\":\"https:\\\/\\\/www.druni.es\\\/blog\\\/quelitis-como-prevenir-los-labios\\\/\"},\"wordCount\":915,\"image\":{\"@id\":\"https:\\\/\\\/www.druni.es\\\/blog\\\/quelitis-como-prevenir-los-labios\\\/#primaryimage\"},\"thumbnailUrl\":\"https:\\\/\\\/www.druni.es\\\/blog\\\/wp-content\\\/uploads\\\/2026\\\/04\\\/29_Queilitis_PORTADA.jpg\",\"keywords\":[\"Queilitis\"],\"articleSection\":[\"Cuidado para labios\",\"Salud y Belleza\",\"Todo sobre la cosm\u00e9tica\"],\"inLanguage\":\"es\"},{\"@type\":\"WebPage\",\"@id\":\"https:\\\/\\\/www.druni.es\\\/blog\\\/quelitis-como-prevenir-los-labios\\\/\",\"url\":\"https:\\\/\\\/www.druni.es\\\/blog\\\/quelitis-como-prevenir-los-labios\\\/\",\"name\":\"Queilitis: qu\u00e9 es y c\u00f3mo cuidar tus labios \u2714 | Blog Druni\",\"isPartOf\":{\"@id\":\"https:\\\/\\\/www.druni.es\\\/blog\\\/#website\"},\"primaryImageOfPage\":{\"@id\":\"https:\\\/\\\/www.druni.es\\\/blog\\\/quelitis-como-prevenir-los-labios\\\/#primaryimage\"},\"image\":{\"@id\":\"https:\\\/\\\/www.druni.es\\\/blog\\\/quelitis-como-prevenir-los-labios\\\/#primaryimage\"},\"thumbnailUrl\":\"https:\\\/\\\/www.druni.es\\\/blog\\\/wp-content\\\/uploads\\\/2026\\\/04\\\/29_Queilitis_PORTADA.jpg\",\"datePublished\":\"2026-04-29T10:00:00+00:00\",\"author\":{\"@id\":\"https:\\\/\\\/www.druni.es\\\/blog\\\/#\\\/schema\\\/person\\\/cc4fe2731e5bfa782d44a1de390f4481\"},\"breadcrumb\":{\"@id\":\"https:\\\/\\\/www.druni.es\\\/blog\\\/quelitis-como-prevenir-los-labios\\\/#breadcrumb\"},\"inLanguage\":\"es\",\"potentialAction\":[{\"@type\":\"ReadAction\",\"target\":[\"https:\\\/\\\/www.druni.es\\\/blog\\\/quelitis-como-prevenir-los-labios\\\/\"]}]},{\"@type\":\"ImageObject\",\"inLanguage\":\"es\",\"@id\":\"https:\\\/\\\/www.druni.es\\\/blog\\\/quelitis-como-prevenir-los-labios\\\/#primaryimage\",\"url\":\"https:\\\/\\\/www.druni.es\\\/blog\\\/wp-content\\\/uploads\\\/2026\\\/04\\\/29_Queilitis_PORTADA.jpg\",\"contentUrl\":\"https:\\\/\\\/www.druni.es\\\/blog\\\/wp-content\\\/uploads\\\/2026\\\/04\\\/29_Queilitis_PORTADA.jpg\",\"width\":1200,\"height\":748},{\"@type\":\"BreadcrumbList\",\"@id\":\"https:\\\/\\\/www.druni.es\\\/blog\\\/quelitis-como-prevenir-los-labios\\\/#breadcrumb\",\"itemListElement\":[{\"@type\":\"ListItem\",\"position\":1,\"name\":\"Druni Blog\",\"item\":\"https:\\\/\\\/www.druni.es\\\/blog\\\/\"},{\"@type\":\"ListItem\",\"position\":2,\"name\":\"Salud y Belleza\",\"item\":\"https:\\\/\\\/www.druni.es\\\/blog\\\/salud-belleza\\\/\"},{\"@type\":\"ListItem\",\"position\":3,\"name\":\"Queilitis\"}]},{\"@type\":\"WebSite\",\"@id\":\"https:\\\/\\\/www.druni.es\\\/blog\\\/#website\",\"url\":\"https:\\\/\\\/www.druni.es\\\/blog\\\/\",\"name\":\"Druni Blog\",\"description\":\"Beauty &amp; Health\",\"potentialAction\":[{\"@type\":\"SearchAction\",\"target\":{\"@type\":\"EntryPoint\",\"urlTemplate\":\"https:\\\/\\\/www.druni.es\\\/blog\\\/?s={search_term_string}\"},\"query-input\":{\"@type\":\"PropertyValueSpecification\",\"valueRequired\":true,\"valueName\":\"search_term_string\"}}],\"inLanguage\":\"es\"},{\"@type\":\"Person\",\"@id\":\"https:\\\/\\\/www.druni.es\\\/blog\\\/#\\\/schema\\\/person\\\/cc4fe2731e5bfa782d44a1de390f4481\",\"name\":\"Abraham Rodriguez\",\"image\":{\"@type\":\"ImageObject\",\"inLanguage\":\"es\",\"@id\":\"https:\\\/\\\/secure.gravatar.com\\\/avatar\\\/a0b97b568facc7d687254dae39c5cfb79af095aebc91173945f2a50629c9fe1a?s=96&d=mm&r=g\",\"url\":\"https:\\\/\\\/secure.gravatar.com\\\/avatar\\\/a0b97b568facc7d687254dae39c5cfb79af095aebc91173945f2a50629c9fe1a?s=96&d=mm&r=g\",\"contentUrl\":\"https:\\\/\\\/secure.gravatar.com\\\/avatar\\\/a0b97b568facc7d687254dae39c5cfb79af095aebc91173945f2a50629c9fe1a?s=96&d=mm&r=g\",\"caption\":\"Abraham Rodriguez\"},\"description\":\"Como Head of SEO &amp; Contents del Grupo Druni, Abraham dise\u00f1a y dirige la estrategia de posicionamiento org\u00e1nico y desarrollo de audiencias de la cadena de perfumer\u00edas y cosm\u00e9tica m\u00e1s relevante del mercado espa\u00f1ol. Su trabajo combina SEO t\u00e9cnico avanzado, desarrollo de aplicaciones, integraci\u00f3n de APIs e incorporaci\u00f3n de inteligencia artificial en los procesos de trabajo, impactando directamente en la operativa diaria y en la visibilidad global de la marca. Ha liderado proyectos de migraci\u00f3n, integraci\u00f3n de plataformas ecommerce y mejora del rendimiento en druni.es, coordinando con equipos t\u00e9cnicos, de producto y de marketing. M\u00e1s sobre su trabajo en abrahamrodriguez.es.\",\"sameAs\":[\"http:\\\/\\\/abrahamrodriguez.es\"]}]}<\/script>\n<!-- \/ Yoast SEO plugin. -->","yoast_head_json":{"title":"Queilitis: qu\u00e9 es y c\u00f3mo cuidar tus labios \u2714 | Blog Druni","robots":{"index":"index","follow":"follow","max-snippet":"max-snippet:-1","max-image-preview":"max-image-preview:large","max-video-preview":"max-video-preview:-1"},"canonical":"https:\/\/www.druni.es\/blog\/quelitis-como-prevenir-los-labios\/","twitter_card":"summary_large_image","twitter_title":"Queilitis: qu\u00e9 es y c\u00f3mo cuidar tus labios \u2714 | Blog Druni","twitter_description":"\u00bfAlguna vez has sentido tus labios tan secos que incluso te duele sonre\u00edr? Todos hemos pasado por esa&hellip;","twitter_image":"https:\/\/www.druni.es\/blog\/wp-content\/uploads\/2026\/04\/29_Queilitis_PORTADA.jpg","schema":{"@context":"https:\/\/schema.org","@graph":[{"@type":"Article","@id":"https:\/\/www.druni.es\/blog\/quelitis-como-prevenir-los-labios\/#article","isPartOf":{"@id":"https:\/\/www.druni.es\/blog\/quelitis-como-prevenir-los-labios\/"},"author":{"name":"Abraham Rodriguez","@id":"https:\/\/www.druni.es\/blog\/#\/schema\/person\/cc4fe2731e5bfa782d44a1de390f4481"},"headline":"Queilitis: qu\u00e9 es y c\u00f3mo cuidar tus labios","datePublished":"2026-04-29T10:00:00+00:00","mainEntityOfPage":{"@id":"https:\/\/www.druni.es\/blog\/quelitis-como-prevenir-los-labios\/"},"wordCount":915,"image":{"@id":"https:\/\/www.druni.es\/blog\/quelitis-como-prevenir-los-labios\/#primaryimage"},"thumbnailUrl":"https:\/\/www.druni.es\/blog\/wp-content\/uploads\/2026\/04\/29_Queilitis_PORTADA.jpg","keywords":["Queilitis"],"articleSection":["Cuidado para labios","Salud y Belleza","Todo sobre la cosm\u00e9tica"],"inLanguage":"es"},{"@type":"WebPage","@id":"https:\/\/www.druni.es\/blog\/quelitis-como-prevenir-los-labios\/","url":"https:\/\/www.druni.es\/blog\/quelitis-como-prevenir-los-labios\/","name":"Queilitis: qu\u00e9 es y c\u00f3mo cuidar tus labios \u2714 | Blog Druni","isPartOf":{"@id":"https:\/\/www.druni.es\/blog\/#website"},"primaryImageOfPage":{"@id":"https:\/\/www.druni.es\/blog\/quelitis-como-prevenir-los-labios\/#primaryimage"},"image":{"@id":"https:\/\/www.druni.es\/blog\/quelitis-como-prevenir-los-labios\/#primaryimage"},"thumbnailUrl":"https:\/\/www.druni.es\/blog\/wp-content\/uploads\/2026\/04\/29_Queilitis_PORTADA.jpg","datePublished":"2026-04-29T10:00:00+00:00","author":{"@id":"https:\/\/www.druni.es\/blog\/#\/schema\/person\/cc4fe2731e5bfa782d44a1de390f4481"},"breadcrumb":{"@id":"https:\/\/www.druni.es\/blog\/quelitis-como-prevenir-los-labios\/#breadcrumb"},"inLanguage":"es","potentialAction":[{"@type":"ReadAction","target":["https:\/\/www.druni.es\/blog\/quelitis-como-prevenir-los-labios\/"]}]},{"@type":"ImageObject","inLanguage":"es","@id":"https:\/\/www.druni.es\/blog\/quelitis-como-prevenir-los-labios\/#primaryimage","url":"https:\/\/www.druni.es\/blog\/wp-content\/uploads\/2026\/04\/29_Queilitis_PORTADA.jpg","contentUrl":"https:\/\/www.druni.es\/blog\/wp-content\/uploads\/2026\/04\/29_Queilitis_PORTADA.jpg","width":1200,"height":748},{"@type":"BreadcrumbList","@id":"https:\/\/www.druni.es\/blog\/quelitis-como-prevenir-los-labios\/#breadcrumb","itemListElement":[{"@type":"ListItem","position":1,"name":"Druni Blog","item":"https:\/\/www.druni.es\/blog\/"},{"@type":"ListItem","position":2,"name":"Salud y Belleza","item":"https:\/\/www.druni.es\/blog\/salud-belleza\/"},{"@type":"ListItem","position":3,"name":"Queilitis"}]},{"@type":"WebSite","@id":"https:\/\/www.druni.es\/blog\/#website","url":"https:\/\/www.druni.es\/blog\/","name":"Druni Blog","description":"Beauty &amp; Health","potentialAction":[{"@type":"SearchAction","target":{"@type":"EntryPoint","urlTemplate":"https:\/\/www.druni.es\/blog\/?s={search_term_string}"},"query-input":{"@type":"PropertyValueSpecification","valueRequired":true,"valueName":"search_term_string"}}],"inLanguage":"es"},{"@type":"Person","@id":"https:\/\/www.druni.es\/blog\/#\/schema\/person\/cc4fe2731e5bfa782d44a1de390f4481","name":"Abraham Rodriguez","image":{"@type":"ImageObject","inLanguage":"es","@id":"https:\/\/secure.gravatar.com\/avatar\/a0b97b568facc7d687254dae39c5cfb79af095aebc91173945f2a50629c9fe1a?s=96&d=mm&r=g","url":"https:\/\/secure.gravatar.com\/avatar\/a0b97b568facc7d687254dae39c5cfb79af095aebc91173945f2a50629c9fe1a?s=96&d=mm&r=g","contentUrl":"https:\/\/secure.gravatar.com\/avatar\/a0b97b568facc7d687254dae39c5cfb79af095aebc91173945f2a50629c9fe1a?s=96&d=mm&r=g","caption":"Abraham Rodriguez"},"description":"Como Head of SEO &amp; Contents del Grupo Druni, Abraham dise\u00f1a y dirige la estrategia de posicionamiento org\u00e1nico y desarrollo de audiencias de la cadena de perfumer\u00edas y cosm\u00e9tica m\u00e1s relevante del mercado espa\u00f1ol. Su trabajo combina SEO t\u00e9cnico avanzado, desarrollo de aplicaciones, integraci\u00f3n de APIs e incorporaci\u00f3n de inteligencia artificial en los procesos de trabajo, impactando directamente en la operativa diaria y en la visibilidad global de la marca. Ha liderado proyectos de migraci\u00f3n, integraci\u00f3n de plataformas ecommerce y mejora del rendimiento en druni.es, coordinando con equipos t\u00e9cnicos, de producto y de marketing. M\u00e1s sobre su trabajo en abrahamrodriguez.es.","sameAs":["http:\/\/abrahamrodriguez.es"]}]}},"_links":{"self":[{"href":"https:\/\/www.druni.es\/blog\/wp-json\/wp\/v2\/posts\/68236","targetHints":{"allow":["GET"]}}],"collection":[{"href":"https:\/\/www.druni.es\/blog\/wp-json\/wp\/v2\/posts"}],"about":[{"href":"https:\/\/www.druni.es\/blog\/wp-json\/wp\/v2\/types\/post"}],"author":[{"embeddable":true,"href":"https:\/\/www.druni.es\/blog\/wp-json\/wp\/v2\/users\/2"}],"replies":[{"embeddable":true,"href":"https:\/\/www.druni.es\/blog\/wp-json\/wp\/v2\/comments?post=68236"}],"version-history":[{"count":2,"href":"https:\/\/www.druni.es\/blog\/wp-json\/wp\/v2\/posts\/68236\/revisions"}],"predecessor-version":[{"id":69527,"href":"https:\/\/www.druni.es\/blog\/wp-json\/wp\/v2\/posts\/68236\/revisions\/69527"}],"wp:featuredmedia":[{"embeddable":true,"href":"https:\/\/www.druni.es\/blog\/wp-json\/wp\/v2\/media\/69526"}],"wp:attachment":[{"href":"https:\/\/www.druni.es\/blog\/wp-json\/wp\/v2\/media?parent=68236"}],"wp:term":[{"taxonomy":"category","embeddable":true,"href":"https:\/\/www.druni.es\/blog\/wp-json\/wp\/v2\/categories?post=68236"},{"taxonomy":"post_tag","embeddable":true,"href":"https:\/\/www.druni.es\/blog\/wp-json\/wp\/v2\/tags?post=68236"}],"curies":[{"name":"wp","href":"https:\/\/api.w.org\/{rel}","templated":true}]}}