{"id":68240,"date":"2026-05-03T12:00:00","date_gmt":"2026-05-03T10:00:00","guid":{"rendered":"https:\/\/www.druni.es\/blog\/?p=68240"},"modified":"2026-04-30T13:47:49","modified_gmt":"2026-04-30T11:47:49","slug":"foliculitis-capilar-todo-lo-que-necesitas-saber-para-calmar-tu-cuero-cabelludo","status":"publish","type":"post","link":"https:\/\/www.druni.es\/blog\/foliculitis-capilar-que-es-y-como-tratarla\/","title":{"rendered":"Foliculitis capilar: todo lo que necesitas saber para calmar tu cuero cabelludo"},"content":{"rendered":"\n<p>\u00bfAlguna vez has sentido una especie de \u00abgranitos\u00bb dolorosos en la cabeza al peinarte? \u00bfO quiz\u00e1 un picor persistente que no desaparece ni con el lavado? Es muy probable que est\u00e9s ante un cuadro de <strong>foliculitis capilar<\/strong>. Aunque solemos prestar mucha atenci\u00f3n a la salud de nuestra melena, a menudo olvidamos que el cuero cabelludo es, al fin y al cabo, piel, y que sus fol\u00edculos pueden sufrir inflamaciones bastante molestas.<\/p>\n\n\n\n<p>En este art\u00edculo vamos a explicar detalladamente <strong>qu\u00e9 es la foliculitis en el cuero cabelludo<\/strong>, por qu\u00e9 aparece y, lo m\u00e1s importante, qu\u00e9 pasos dar para recuperar el equilibrio y el confort de tu cabeza.<\/p>\n\n\n\n<h2 id=\"foliculitis-capilar-que-es-y-por-que-se-produce\" class=\"wp-block-heading\">Foliculitis capilar: \u00bfqu\u00e9 es y por qu\u00e9 se produce?<\/h2>\n\n\n\n<p>Cuando hablamos de foliculitis en la cabeza,<strong> <\/strong>nos referimos a la <strong>inflamaci\u00f3n de los sacos donde nace el pelo<\/strong>. Cuando esto ocurre en la zona superior de la cabeza, lo denominamos foliculitis capilar. A diferencia de la que ocurre en las piernas o ingles, aqu\u00ed el vello es mucho m\u00e1s denso y el fol\u00edculo suele ser m\u00e1s profundo, lo que puede complicar un poco m\u00e1s su resoluci\u00f3n.<\/p>\n\n\n\n<p>La <strong>foliculitis en la piel<\/strong> <strong>del cr\u00e1neo suele manifestarse como peque\u00f1as p\u00fastulas<\/strong> (granos con pus) <strong>rodeadas de un halo rojo<\/strong>. Si no se trata a tiempo, esta inflamaci\u00f3n puede da\u00f1ar el fol\u00edculo de forma permanente, provocando incluso la ca\u00edda del cabello en zonas localizadas.<\/p>\n\n\n\n<h2 id=\"causas-de-la-foliculitis-en-el-cuero-cabelludo\" class=\"wp-block-heading\">Causas de la foliculitis en el cuero cabelludo<\/h2>\n\n\n\n<p>Entender las <strong>causas de la foliculitis capilar<\/strong> es fundamental para evitar que el problema se vuelva cr\u00f3nico. En el cuero cabelludo, los factores suelen ser distintos a los del resto del cuerpo:<\/p>\n\n\n\n<ul class=\"wp-block-list\">\n<li><strong>Microorganismos:<\/strong> La causa m\u00e1s frecuente es la infecci\u00f3n por la bacteria <em>Staphylococcus aureus<\/em> o por ciertos tipos de hongos (levaduras) que habitan de forma natural en nuestra piel y proliferan ante un desequilibrio.<\/li>\n\n\n\n<li><strong>Exceso de sebo:<\/strong> Un cuero cabelludo graso es el caldo de cultivo ideal para las bacterias.<\/li>\n\n\n\n<li><strong>Acumulaci\u00f3n de productos:<\/strong> El uso excesivo de lacas, gominas o champ\u00fas en seco que no se retiran correctamente puede obstruir el poro.<\/li>\n\n\n\n<li><strong>Sudor y humedad:<\/strong> El uso prolongado de cascos, gorras o simplemente no secar bien el pelo tras el lavado favorece la inflamaci\u00f3n.<\/li>\n\n\n\n<li><strong>Rascado agresivo:<\/strong> Las peque\u00f1as heridas causadas por las u\u00f1as pueden abrir la puerta a infecciones.<\/li>\n<\/ul>\n\n\n\n<h2 id=\"sintomas-de-la-foliculitis-capilar\" class=\"wp-block-heading\">S\u00edntomas de la foliculitis capilar<\/h2>\n\n\n\n<p>Saber reconocer los <strong>s\u00edntomas de la foliculitis<\/strong> <strong>capilar<\/strong> te ayudar\u00e1 a actuar con rapidez. Presta atenci\u00f3n si notas:<\/p>\n\n\n\n<ul class=\"wp-block-list\">\n<li>Peque\u00f1as protuberancias rojas o granos con punta blanca alrededor del tallo del pelo.<\/li>\n\n\n\n<li>Picor intenso o sensaci\u00f3n de hormigueo en el cuero cabelludo.<\/li>\n\n\n\n<li>Dolor o sensibilidad al tacto (por ejemplo, al apoyarte en la almohada).<\/li>\n\n\n\n<li>Formaci\u00f3n de costras amarillentas que pueden supurar.<\/li>\n<\/ul>\n\n\n\n<h2 id=\"tratamiento-de-la-foliculitis-en-la-cabeza\" class=\"wp-block-heading\">Tratamiento de la foliculitis en la cabeza<\/h2>\n\n\n\n<p>El <strong>tratamiento de la foliculitis<\/strong> <strong>capilar<\/strong> <strong>requiere constancia<\/strong> y, sobre todo, productos adecuados que no agredan la barrera natural de la piel.<\/p>\n\n\n\n<p>Si te preguntas <strong>c\u00f3mo tratar la foliculitis<\/strong> <strong>en la cabeza desde casa<\/strong>, aqu\u00ed tienes los pasos clave que debes seguir:<\/p>\n\n\n\n<ol class=\"wp-block-list\">\n<li><strong>Higiene espec\u00edfica<\/strong><\/li>\n<\/ol>\n\n\n\n<p>Utiliza champ\u00fas con <strong>ingredientes antis\u00e9pticos o antif\u00fangicos suaves<\/strong> (como el aceite de \u00e1rbol de t\u00e9, el piroctone olamine o el \u00e1cido salic\u00edlico). Estos ayudan a limpiar el fol\u00edculo en profundidad y a controlar la poblaci\u00f3n bacteriana.<\/p>\n\n\n\n<ul class=\"wp-block-list\">\n<li><strong>Evita la manipulaci\u00f3n<\/strong><\/li>\n<\/ul>\n\n\n\n<p>Sabemos que tienta, pero c\u00f3mo curar la foliculitis en el pelo pasa por <strong>no tocar los granitos<\/strong>. Exprimirlos solo esparcir\u00e1 la infecci\u00f3n a los fol\u00edculos vecinos y podr\u00eda causarte una cicatriz que impida que el pelo vuelva a nacer.<\/p>\n\n\n\n<ul class=\"wp-block-list\">\n<li><strong>Medicaci\u00f3n bajo receta<\/strong><\/li>\n<\/ul>\n\n\n\n<p>En casos moderados o graves, el dermat\u00f3logo puede prescribir un tratamiento para la foliculitis basado en <strong>lociones antibi\u00f3ticas t\u00f3picas o incluso medicaci\u00f3n oral<\/strong> si la inflamaci\u00f3n es muy profunda.<\/p>\n\n\n\n<h2 id=\"como-eliminar-la-foliculitis-capilar-y-prevenir-su-reaparicion\" class=\"wp-block-heading\">C\u00f3mo eliminar la foliculitis capilar y prevenir su reaparici\u00f3n<\/h2>\n\n\n\n<p>Si buscas <strong>c\u00f3mo quitar la foliculitis en el cabello<\/strong> <strong>de forma definitiva<\/strong>, debes cambiar ciertos h\u00e1bitos en tu rutina de cuidado capilar:<\/p>\n\n\n\n<ul class=\"wp-block-list\">\n<li><strong>Aclara a conciencia:<\/strong> Aseg\u00farate de eliminar cualquier resto de acondicionador o mascarilla, aplic\u00e1ndolos solo de medios a puntas.<\/li>\n\n\n\n<li><strong>Lava con frecuencia:<\/strong> Si tienes el cuero cabelludo graso, no alargues los lavados. La acumulaci\u00f3n de grasa es el principal enemigo.<\/li>\n\n\n\n<li><strong>Desinfecta tus peines:<\/strong> Limpia tus cepillos y peines regularmente con agua tibia y jab\u00f3n neutro.<\/li>\n\n\n\n<li><strong>Secado al aire o temperatura media:<\/strong> El calor extremo del secador puede irritar a\u00fan m\u00e1s los fol\u00edculos inflamados.<\/li>\n<\/ul>\n\n\n\n<h2 id=\"preguntas-frecuentes-sobre-la-foliculitis-capilar\" class=\"wp-block-heading\">Preguntas frecuentes sobre la foliculitis capilar<\/h2>\n\n\n\n<h3 id=\"cuanto-tarda-la-foliculitis-en-curarse\" class=\"wp-block-heading\">\u00bfCu\u00e1nto tarda la foliculitis en curarse?<\/h3>\n\n\n\n<p>Una de las mayores preocupaciones es cu\u00e1nto tarda en curarse la foliculitis. Si se detecta a tiempo y se aplica un tratamiento adecuado, <strong>los granitos suelen remitir en una o dos semanas<\/strong>. Sin embargo, si es una foliculitis decalvante (un tipo cr\u00f3nico m\u00e1s severo), el proceso puede ser mucho m\u00e1s largo y requerir seguimiento m\u00e9dico constante.<\/p>\n\n\n\n<h3 id=\"como-curar-la-foliculitis-si-es-recurrente\" class=\"wp-block-heading\">\u00bfC\u00f3mo curar la foliculitis si es recurrente?<\/h3>\n\n\n\n<p>Si notas que el problema aparece y desaparece constantemente, el secreto de est\u00e1 en <strong>equilibrar la microbiota del cuero cabelludo<\/strong>. El uso de champ\u00fas equilibrantes de pH y evitar el estr\u00e9s (que debilita el sistema inmune) son claves fundamentales.<\/p>\n\n\n\n<p>La foliculitis capilar puede ser una experiencia frustrante, pero no tiene por qu\u00e9 ser una batalla perdida. Ahora que <strong>ya sabes qu\u00e9 es la<\/strong> <strong>foliculitis capilar y cu\u00e1les son sus detonantes<\/strong>, puedes tomar las riendas de la salud de tu cabello. Recuerda que un cuero cabelludo sano es el cimiento de una melena fuerte y brillante.<\/p>\n\n\n\n<div class=\"wp-block-group\"><div class=\"wp-block-group__inner-container is-layout-flow wp-block-group-is-layout-flow\">\n<p id=\"wp-block-themeisle-blocks-advanced-heading-9d985381\" class=\"wp-block-themeisle-blocks-advanced-heading wp-block-themeisle-blocks-advanced-heading-9d985381 ticss-636c4928 is-style-default\"><strong>M\u00e1s art\u00edculos relacionados<\/strong><\/p>\n\n\n\n<p id=\"wp-block-themeisle-blocks-advanced-heading-34a7f84a\" class=\"wp-block-themeisle-blocks-advanced-heading wp-block-themeisle-blocks-advanced-heading-34a7f84a ticss-636c4928 is-style-default\"><strong>\u2193 &nbsp; \u2193 &nbsp; \u2193 &nbsp; \u2193 &nbsp; \u2193<\/strong><\/p>\n<\/div><\/div>\n\n\n\t<div class=\"cnvs-block-posts cnvs-block-posts-1664534996535 cnvs-block-posts-layout-standard-type-2\" data-layout=\"standard-type-2\" data-min-height=\"\">\n\t\t<div class=\"cs-posts-area\" data-posts-area=\"\">\n\t\t\t<div class=\"cs-posts-area__outer\">\n\t\t\t\t<div class=\"cs-posts-area__main cs-block-posts-layout-standard-type-2\">\n\t\t\t\t\t<article class=\"post-68240 post type-post status-publish format-standard has-post-thumbnail category-salud-belleza tag-foliculitis cs-entry cs-video-wrap\">\n\t<div class=\"cs-entry__outercs-entry__outer\">\n\t\t\t\t<div class=\"cs-entry__inner cs-entry__thumbnail cs-entry__overlay  cs-entry__setting-format cs-overlay-ratio cs-ratio-portrait\">\n\t\t\t<div class=\"cs-overlay-background cs-overlay-transparent\">\n\t\t\t\t<img loading=\"lazy\" decoding=\"async\" width=\"768\" height=\"479\" src=\"https:\/\/www.druni.es\/blog\/wp-content\/uploads\/2026\/05\/03_Foliculitis_capilar_PORTADA-768x479.jpg\" class=\"attachment-medium_large size-medium_large wp-post-image\" alt=\"\" srcset=\"https:\/\/www.druni.es\/blog\/wp-content\/uploads\/2026\/05\/03_Foliculitis_capilar_PORTADA-768x479.jpg 768w, https:\/\/www.druni.es\/blog\/wp-content\/uploads\/2026\/05\/03_Foliculitis_capilar_PORTADA-300x187.jpg 300w, https:\/\/www.druni.es\/blog\/wp-content\/uploads\/2026\/05\/03_Foliculitis_capilar_PORTADA-1024x638.jpg 1024w, https:\/\/www.druni.es\/blog\/wp-content\/uploads\/2026\/05\/03_Foliculitis_capilar_PORTADA-380x237.jpg 380w, https:\/\/www.druni.es\/blog\/wp-content\/uploads\/2026\/05\/03_Foliculitis_capilar_PORTADA-800x499.jpg 800w, https:\/\/www.druni.es\/blog\/wp-content\/uploads\/2026\/05\/03_Foliculitis_capilar_PORTADA-1160x723.jpg 1160w, https:\/\/www.druni.es\/blog\/wp-content\/uploads\/2026\/05\/03_Foliculitis_capilar_PORTADA-760x474.jpg 760w, https:\/\/www.druni.es\/blog\/wp-content\/uploads\/2026\/05\/03_Foliculitis_capilar_PORTADA-600x374.jpg 600w, https:\/\/www.druni.es\/blog\/wp-content\/uploads\/2026\/05\/03_Foliculitis_capilar_PORTADA.jpg 1200w\" sizes=\"auto, (max-width: 768px) 100vw, 768px\" \/>\t\t\t<\/div>\n\n\t\t\t\n\t\t\t\n\t\t\t\n\t\t\t<a class=\"cs-overlay-link\" href=\"https:\/\/www.druni.es\/blog\/foliculitis-capilar-que-es-y-como-tratarla\/\"><\/a>\n\t\t<\/div>\n\t\t\n\t\t<div class=\"cs-entry__inner cs-entry__content \">\n\n\t\t\t\n\t\t\t\t<p class=\"cs-entry__title \">\n\t\t\t\t\t<a href=\"https:\/\/www.druni.es\/blog\/foliculitis-capilar-que-es-y-como-tratarla\/\">Foliculitis capilar: todo lo que necesitas saber para calmar tu cuero cabelludo<\/a>\n\t\t\t<\/p>\n\t\n\t\t\t\n\t\t\t<div class=\"cs-entry__post-meta\" ><\/div>\n\t\t\t\t\t<\/div>\n\t<\/div>\n<\/article>\n<article class=\"post-68237 post type-post status-publish format-standard has-post-thumbnail category-salud-belleza tag-foliculitis cs-entry cs-video-wrap\">\n\t<div class=\"cs-entry__outercs-entry__outer\">\n\t\t\t\t<div class=\"cs-entry__inner cs-entry__thumbnail cs-entry__overlay  cs-entry__setting-format cs-overlay-ratio cs-ratio-portrait\">\n\t\t\t<div class=\"cs-overlay-background cs-overlay-transparent\">\n\t\t\t\t<img loading=\"lazy\" decoding=\"async\" width=\"768\" height=\"479\" src=\"https:\/\/www.druni.es\/blog\/wp-content\/uploads\/2026\/04\/28_Foliculitis_gluteos_PORTADA-768x479.jpg\" class=\"attachment-medium_large size-medium_large wp-post-image\" alt=\"\" srcset=\"https:\/\/www.druni.es\/blog\/wp-content\/uploads\/2026\/04\/28_Foliculitis_gluteos_PORTADA-768x479.jpg 768w, https:\/\/www.druni.es\/blog\/wp-content\/uploads\/2026\/04\/28_Foliculitis_gluteos_PORTADA-300x187.jpg 300w, https:\/\/www.druni.es\/blog\/wp-content\/uploads\/2026\/04\/28_Foliculitis_gluteos_PORTADA-1024x638.jpg 1024w, https:\/\/www.druni.es\/blog\/wp-content\/uploads\/2026\/04\/28_Foliculitis_gluteos_PORTADA-380x237.jpg 380w, https:\/\/www.druni.es\/blog\/wp-content\/uploads\/2026\/04\/28_Foliculitis_gluteos_PORTADA-800x499.jpg 800w, https:\/\/www.druni.es\/blog\/wp-content\/uploads\/2026\/04\/28_Foliculitis_gluteos_PORTADA-1160x723.jpg 1160w, https:\/\/www.druni.es\/blog\/wp-content\/uploads\/2026\/04\/28_Foliculitis_gluteos_PORTADA-760x474.jpg 760w, https:\/\/www.druni.es\/blog\/wp-content\/uploads\/2026\/04\/28_Foliculitis_gluteos_PORTADA-600x374.jpg 600w, https:\/\/www.druni.es\/blog\/wp-content\/uploads\/2026\/04\/28_Foliculitis_gluteos_PORTADA.jpg 1200w\" sizes=\"auto, (max-width: 768px) 100vw, 768px\" \/>\t\t\t<\/div>\n\n\t\t\t\n\t\t\t\n\t\t\t\n\t\t\t<a class=\"cs-overlay-link\" href=\"https:\/\/www.druni.es\/blog\/foliculitis-en-gluteos-que-es-y-como-tratarla\/\"><\/a>\n\t\t<\/div>\n\t\t\n\t\t<div class=\"cs-entry__inner cs-entry__content \">\n\n\t\t\t\n\t\t\t\t<p class=\"cs-entry__title \">\n\t\t\t\t\t<a href=\"https:\/\/www.druni.es\/blog\/foliculitis-en-gluteos-que-es-y-como-tratarla\/\">Foliculitis en los gl\u00fateos: todo lo que necesitas saber<\/a>\n\t\t\t<\/p>\n\t\n\t\t\t\n\t\t\t<div class=\"cs-entry__post-meta\" ><\/div>\n\t\t\t\t\t<\/div>\n\t<\/div>\n<\/article>\n<article class=\"post-68238 post type-post status-publish format-standard has-post-thumbnail category-cuidado-facial category-salud-belleza category-cosmetica tag-foliculitis cs-entry cs-video-wrap\">\n\t<div class=\"cs-entry__outercs-entry__outer\">\n\t\t\t\t<div class=\"cs-entry__inner cs-entry__thumbnail cs-entry__overlay  cs-entry__setting-format cs-overlay-ratio cs-ratio-portrait\">\n\t\t\t<div class=\"cs-overlay-background cs-overlay-transparent\">\n\t\t\t\t<img loading=\"lazy\" decoding=\"async\" width=\"768\" height=\"479\" src=\"https:\/\/www.druni.es\/blog\/wp-content\/uploads\/2026\/04\/23_Foliculitis_facial_PORTADA-768x479.jpg\" class=\"attachment-medium_large size-medium_large wp-post-image\" alt=\"\" srcset=\"https:\/\/www.druni.es\/blog\/wp-content\/uploads\/2026\/04\/23_Foliculitis_facial_PORTADA-768x479.jpg 768w, https:\/\/www.druni.es\/blog\/wp-content\/uploads\/2026\/04\/23_Foliculitis_facial_PORTADA-300x187.jpg 300w, https:\/\/www.druni.es\/blog\/wp-content\/uploads\/2026\/04\/23_Foliculitis_facial_PORTADA-1024x638.jpg 1024w, https:\/\/www.druni.es\/blog\/wp-content\/uploads\/2026\/04\/23_Foliculitis_facial_PORTADA-380x237.jpg 380w, https:\/\/www.druni.es\/blog\/wp-content\/uploads\/2026\/04\/23_Foliculitis_facial_PORTADA-800x499.jpg 800w, https:\/\/www.druni.es\/blog\/wp-content\/uploads\/2026\/04\/23_Foliculitis_facial_PORTADA-1160x723.jpg 1160w, https:\/\/www.druni.es\/blog\/wp-content\/uploads\/2026\/04\/23_Foliculitis_facial_PORTADA-760x474.jpg 760w, https:\/\/www.druni.es\/blog\/wp-content\/uploads\/2026\/04\/23_Foliculitis_facial_PORTADA-600x374.jpg 600w, https:\/\/www.druni.es\/blog\/wp-content\/uploads\/2026\/04\/23_Foliculitis_facial_PORTADA.jpg 1200w\" sizes=\"auto, (max-width: 768px) 100vw, 768px\" \/>\t\t\t<\/div>\n\n\t\t\t\n\t\t\t\n\t\t\t\n\t\t\t<a class=\"cs-overlay-link\" href=\"https:\/\/www.druni.es\/blog\/foliculitis-facial-que-es-y-como-tratarla\/\"><\/a>\n\t\t<\/div>\n\t\t\n\t\t<div class=\"cs-entry__inner cs-entry__content \">\n\n\t\t\t\n\t\t\t\t<p class=\"cs-entry__title \">\n\t\t\t\t\t<a href=\"https:\/\/www.druni.es\/blog\/foliculitis-facial-que-es-y-como-tratarla\/\">Foliculitis facial: gu\u00eda para una piel del rostro libre de granitos e irritaci\u00f3n<\/a>\n\t\t\t<\/p>\n\t\n\t\t\t\n\t\t\t<div class=\"cs-entry__post-meta\" ><\/div>\n\t\t\t\t\t<\/div>\n\t<\/div>\n<\/article>\n<article class=\"post-68239 post type-post status-publish format-standard has-post-thumbnail category-salud-belleza tag-foliculitis cs-entry cs-video-wrap\">\n\t<div class=\"cs-entry__outercs-entry__outer\">\n\t\t\t\t<div class=\"cs-entry__inner cs-entry__thumbnail cs-entry__overlay  cs-entry__setting-format cs-overlay-ratio cs-ratio-portrait\">\n\t\t\t<div class=\"cs-overlay-background cs-overlay-transparent\">\n\t\t\t\t<img loading=\"lazy\" decoding=\"async\" width=\"768\" height=\"479\" src=\"https:\/\/www.druni.es\/blog\/wp-content\/uploads\/2026\/04\/22_Folicilitis_piernas_PORTADA-1-768x479.jpg\" class=\"attachment-medium_large size-medium_large wp-post-image\" alt=\"\" srcset=\"https:\/\/www.druni.es\/blog\/wp-content\/uploads\/2026\/04\/22_Folicilitis_piernas_PORTADA-1-768x479.jpg 768w, https:\/\/www.druni.es\/blog\/wp-content\/uploads\/2026\/04\/22_Folicilitis_piernas_PORTADA-1-300x187.jpg 300w, https:\/\/www.druni.es\/blog\/wp-content\/uploads\/2026\/04\/22_Folicilitis_piernas_PORTADA-1-1024x638.jpg 1024w, https:\/\/www.druni.es\/blog\/wp-content\/uploads\/2026\/04\/22_Folicilitis_piernas_PORTADA-1-380x237.jpg 380w, https:\/\/www.druni.es\/blog\/wp-content\/uploads\/2026\/04\/22_Folicilitis_piernas_PORTADA-1-800x499.jpg 800w, https:\/\/www.druni.es\/blog\/wp-content\/uploads\/2026\/04\/22_Folicilitis_piernas_PORTADA-1-1160x723.jpg 1160w, https:\/\/www.druni.es\/blog\/wp-content\/uploads\/2026\/04\/22_Folicilitis_piernas_PORTADA-1-760x474.jpg 760w, https:\/\/www.druni.es\/blog\/wp-content\/uploads\/2026\/04\/22_Folicilitis_piernas_PORTADA-1-600x374.jpg 600w, https:\/\/www.druni.es\/blog\/wp-content\/uploads\/2026\/04\/22_Folicilitis_piernas_PORTADA-1.jpg 1200w\" sizes=\"auto, (max-width: 768px) 100vw, 768px\" \/>\t\t\t<\/div>\n\n\t\t\t\n\t\t\t\n\t\t\t\n\t\t\t<a class=\"cs-overlay-link\" href=\"https:\/\/www.druni.es\/blog\/foliculitis-en-las-piernas-que-es-y-como-tratarla\/\"><\/a>\n\t\t<\/div>\n\t\t\n\t\t<div class=\"cs-entry__inner cs-entry__content \">\n\n\t\t\t\n\t\t\t\t<p class=\"cs-entry__title \">\n\t\t\t\t\t<a href=\"https:\/\/www.druni.es\/blog\/foliculitis-en-las-piernas-que-es-y-como-tratarla\/\">Foliculitis en las piernas: c\u00f3mo eliminar los puntos rojos y cuidar tu piel<\/a>\n\t\t\t<\/p>\n\t\n\t\t\t\n\t\t\t<div class=\"cs-entry__post-meta\" ><\/div>\n\t\t\t\t\t<\/div>\n\t<\/div>\n<\/article>\n<article class=\"post-68241 post type-post status-publish format-standard has-post-thumbnail category-salud-belleza tag-foliculitis cs-entry cs-video-wrap\">\n\t<div class=\"cs-entry__outercs-entry__outer\">\n\t\t\t\t<div class=\"cs-entry__inner cs-entry__thumbnail cs-entry__overlay  cs-entry__setting-format cs-overlay-ratio cs-ratio-portrait\">\n\t\t\t<div class=\"cs-overlay-background cs-overlay-transparent\">\n\t\t\t\t<img loading=\"lazy\" decoding=\"async\" width=\"768\" height=\"479\" src=\"https:\/\/www.druni.es\/blog\/wp-content\/uploads\/2026\/04\/20_Foliculitis_PORTADA-768x479.jpg\" class=\"attachment-medium_large size-medium_large wp-post-image\" alt=\"\" srcset=\"https:\/\/www.druni.es\/blog\/wp-content\/uploads\/2026\/04\/20_Foliculitis_PORTADA-768x479.jpg 768w, https:\/\/www.druni.es\/blog\/wp-content\/uploads\/2026\/04\/20_Foliculitis_PORTADA-300x187.jpg 300w, https:\/\/www.druni.es\/blog\/wp-content\/uploads\/2026\/04\/20_Foliculitis_PORTADA-1024x638.jpg 1024w, https:\/\/www.druni.es\/blog\/wp-content\/uploads\/2026\/04\/20_Foliculitis_PORTADA-380x237.jpg 380w, https:\/\/www.druni.es\/blog\/wp-content\/uploads\/2026\/04\/20_Foliculitis_PORTADA-800x499.jpg 800w, https:\/\/www.druni.es\/blog\/wp-content\/uploads\/2026\/04\/20_Foliculitis_PORTADA-1160x723.jpg 1160w, https:\/\/www.druni.es\/blog\/wp-content\/uploads\/2026\/04\/20_Foliculitis_PORTADA-760x474.jpg 760w, https:\/\/www.druni.es\/blog\/wp-content\/uploads\/2026\/04\/20_Foliculitis_PORTADA-600x374.jpg 600w, https:\/\/www.druni.es\/blog\/wp-content\/uploads\/2026\/04\/20_Foliculitis_PORTADA.jpg 1200w\" sizes=\"auto, (max-width: 768px) 100vw, 768px\" \/>\t\t\t<\/div>\n\n\t\t\t\n\t\t\t\n\t\t\t\n\t\t\t<a class=\"cs-overlay-link\" href=\"https:\/\/www.druni.es\/blog\/foliculitis-que-es-y-como-tratarla\/\"><\/a>\n\t\t<\/div>\n\t\t\n\t\t<div class=\"cs-entry__inner cs-entry__content \">\n\n\t\t\t\n\t\t\t\t<p class=\"cs-entry__title \">\n\t\t\t\t\t<a href=\"https:\/\/www.druni.es\/blog\/foliculitis-que-es-y-como-tratarla\/\">Gu\u00eda completa sobre la foliculitis: qu\u00e9 es, causas y c\u00f3mo tratarla<\/a>\n\t\t\t<\/p>\n\t\n\t\t\t\n\t\t\t<div class=\"cs-entry__post-meta\" ><\/div>\n\t\t\t\t\t<\/div>\n\t<\/div>\n<\/article>\n<article class=\"post-57952 post type-post status-publish format-standard has-post-thumbnail category-depilacion category-higiene category-salud-belleza tag-foliculitis cs-entry cs-video-wrap\">\n\t<div class=\"cs-entry__outercs-entry__outer\">\n\t\t\t\t<div class=\"cs-entry__inner cs-entry__thumbnail cs-entry__overlay  cs-entry__setting-format cs-overlay-ratio cs-ratio-portrait\">\n\t\t\t<div class=\"cs-overlay-background cs-overlay-transparent\">\n\t\t\t\t<img loading=\"lazy\" decoding=\"async\" width=\"768\" height=\"378\" src=\"https:\/\/www.druni.es\/blog\/wp-content\/uploads\/2025\/10\/02_Foliculitis_PORTADA-768x378.jpg\" class=\"attachment-medium_large size-medium_large wp-post-image\" alt=\"\" srcset=\"https:\/\/www.druni.es\/blog\/wp-content\/uploads\/2025\/10\/02_Foliculitis_PORTADA-768x378.jpg 768w, https:\/\/www.druni.es\/blog\/wp-content\/uploads\/2025\/10\/02_Foliculitis_PORTADA-300x148.jpg 300w, https:\/\/www.druni.es\/blog\/wp-content\/uploads\/2025\/10\/02_Foliculitis_PORTADA-1024x503.jpg 1024w, https:\/\/www.druni.es\/blog\/wp-content\/uploads\/2025\/10\/02_Foliculitis_PORTADA-380x187.jpg 380w, https:\/\/www.druni.es\/blog\/wp-content\/uploads\/2025\/10\/02_Foliculitis_PORTADA-800x393.jpg 800w, https:\/\/www.druni.es\/blog\/wp-content\/uploads\/2025\/10\/02_Foliculitis_PORTADA-1160x570.jpg 1160w, https:\/\/www.druni.es\/blog\/wp-content\/uploads\/2025\/10\/02_Foliculitis_PORTADA-760x374.jpg 760w, https:\/\/www.druni.es\/blog\/wp-content\/uploads\/2025\/10\/02_Foliculitis_PORTADA-600x295.jpg 600w, https:\/\/www.druni.es\/blog\/wp-content\/uploads\/2025\/10\/02_Foliculitis_PORTADA.jpg 1200w\" sizes=\"auto, (max-width: 768px) 100vw, 768px\" \/>\t\t\t<\/div>\n\n\t\t\t\n\t\t\t\n\t\t\t\n\t\t\t<a class=\"cs-overlay-link\" href=\"https:\/\/www.druni.es\/blog\/foliculitis-por-que-salen-granitos-tras-depilarte-y-como-prevenirlos\/\"><\/a>\n\t\t<\/div>\n\t\t\n\t\t<div class=\"cs-entry__inner cs-entry__content \">\n\n\t\t\t\n\t\t\t\t<p class=\"cs-entry__title \">\n\t\t\t\t\t<a href=\"https:\/\/www.druni.es\/blog\/foliculitis-por-que-salen-granitos-tras-depilarte-y-como-prevenirlos\/\">Foliculitis: por qu\u00e9 salen granitos tras depilarte y c\u00f3mo prevenirlos<\/a>\n\t\t\t<\/p>\n\t\n\t\t\t\n\t\t\t<div class=\"cs-entry__post-meta\" ><\/div>\n\t\t\t\t\t<\/div>\n\t<\/div>\n<\/article>\n\t\t\t\t<\/div>\n\t\t\t<\/div>\n\n\t\t\t\t\t<\/div>\n\t<\/div>\n\t\n\n\n<div class=\"wp-block-group\"><div class=\"wp-block-group__inner-container is-layout-flow wp-block-group-is-layout-flow\">\n<p id=\"wp-block-themeisle-blocks-advanced-heading-2f0f6003\" class=\"wp-block-themeisle-blocks-advanced-heading wp-block-themeisle-blocks-advanced-heading-2f0f6003 ticss-636c4928 is-style-default\"><strong>Preguntas frecuentes (FAQs)<\/strong><\/p>\n\n\n\n<p id=\"wp-block-themeisle-blocks-advanced-heading-856b5cf6\" class=\"wp-block-themeisle-blocks-advanced-heading wp-block-themeisle-blocks-advanced-heading-856b5cf6 ticss-636c4928 is-style-default\"><strong>\u2193 &nbsp; \u2193 &nbsp; \u2193 &nbsp; \u2193 &nbsp; \u2193<\/strong><\/p>\n<\/div><\/div>\n\n\n<div class=\"wp-block-ub-content-toggle wp-block-ub-content-toggle-block\" id=\"ub-content-toggle-block-8e0a86fc-d573-465d-a319-81bd83bba759\" data-mobilecollapse=\"false\" data-desktopcollapse=\"false\" data-preventcollapse=\"false\" data-showonlyone=\"false\">\n<div class=\"wp-block-ub-content-toggle-accordion\" style=\"border-color: #f1f1f1; \" id=\"ub-content-toggle-panel-block-5b97e411-e0e8-45e5-aeab-9e90ecb40086\">\n\t\t\t<div class=\"wp-block-ub-content-toggle-accordion-title-wrap\" style=\"background-color: #f1f1f1;\" aria-controls=\"ub-content-toggle-panel-0-8e0a86fc-d573-465d-a319-81bd83bba759\" tabindex=\"0\">\n\t\t\t<p class=\"wp-block-ub-content-toggle-accordion-title ub-content-toggle-title-8e0a86fc-d573-465d-a319-81bd83bba759\" style=\"color: #000000; \">\u00bfQu\u00e9 es la foliculitis capilar y por qu\u00e9 se produce?<\/p>\n\t\t\t<div class=\"wp-block-ub-content-toggle-accordion-toggle-wrap right\" style=\"color: #000000;\"><span class=\"wp-block-ub-content-toggle-accordion-state-indicator wp-block-ub-chevron-down open\"><\/span><\/div>\n\t\t<\/div>\n\t\t\t<div role=\"region\" aria-expanded=\"true\" class=\"wp-block-ub-content-toggle-accordion-content-wrap\" id=\"ub-content-toggle-panel-0-8e0a86fc-d573-465d-a319-81bd83bba759\">\n\n<p>Es la inflamaci\u00f3n de los sacos donde nace el pelo en el cuero cabelludo, causada principalmente por infecciones bacterianas o f\u00fangicas, exceso de sebo, acumulaci\u00f3n de productos, sudor, humedad y rascado agresivo.<\/p>\n\n<\/div>\n\t\t<\/div>\n\n<div class=\"wp-block-ub-content-toggle-accordion\" style=\"border-color: #f1f1f1; \" id=\"ub-content-toggle-panel-block-46c42cb2-f3c0-496c-9723-93e38625faa0\">\n\t\t\t<div class=\"wp-block-ub-content-toggle-accordion-title-wrap\" style=\"background-color: #f1f1f1;\" aria-controls=\"ub-content-toggle-panel-1-8e0a86fc-d573-465d-a319-81bd83bba759\" tabindex=\"0\">\n\t\t\t<p class=\"wp-block-ub-content-toggle-accordion-title ub-content-toggle-title-8e0a86fc-d573-465d-a319-81bd83bba759\" style=\"color: #000000; \">\u00bfCu\u00e1les son los s\u00edntomas de la foliculitis capilar?<\/p>\n\t\t\t<div class=\"wp-block-ub-content-toggle-accordion-toggle-wrap right\" style=\"color: #000000;\"><span class=\"wp-block-ub-content-toggle-accordion-state-indicator wp-block-ub-chevron-down open\"><\/span><\/div>\n\t\t<\/div>\n\t\t\t<div role=\"region\" aria-expanded=\"true\" class=\"wp-block-ub-content-toggle-accordion-content-wrap\" id=\"ub-content-toggle-panel-1-8e0a86fc-d573-465d-a319-81bd83bba759\">\n\n<p>Entre los s\u00edntomas m\u00e1s comunes se encuentran protuberancias rojas, granos con pus, picor intenso, sensibilidad al tacto, formaci\u00f3n de costras amarillentas y sensaci\u00f3n de hormigueo en el cuero cabelludo.<\/p>\n\n<\/div>\n\t\t<\/div>\n\n<div class=\"wp-block-ub-content-toggle-accordion\" style=\"border-color: #f1f1f1; \" id=\"ub-content-toggle-panel-block-187a13f5-3347-4af3-a5c3-1737b4a73250\">\n\t\t\t<div class=\"wp-block-ub-content-toggle-accordion-title-wrap\" style=\"background-color: #f1f1f1;\" aria-controls=\"ub-content-toggle-panel-2-8e0a86fc-d573-465d-a319-81bd83bba759\" tabindex=\"0\">\n\t\t\t<p class=\"wp-block-ub-content-toggle-accordion-title ub-content-toggle-title-8e0a86fc-d573-465d-a319-81bd83bba759\" style=\"color: #000000; \">\u00bfCu\u00e1nto tiempo tarda en curarse la foliculitis capilar?<\/p>\n\t\t\t<div class=\"wp-block-ub-content-toggle-accordion-toggle-wrap right\" style=\"color: #000000;\"><span class=\"wp-block-ub-content-toggle-accordion-state-indicator wp-block-ub-chevron-down open\"><\/span><\/div>\n\t\t<\/div>\n\t\t\t<div role=\"region\" aria-expanded=\"true\" class=\"wp-block-ub-content-toggle-accordion-content-wrap\" id=\"ub-content-toggle-panel-2-8e0a86fc-d573-465d-a319-81bd83bba759\">\n\n<p>Si se detecta a tiempo y se trata adecuadamente, los s\u00edntomas suelen remitir en una o dos semanas. En casos cr\u00f3nicos, el proceso puede ser m\u00e1s largo y requerir seguimiento m\u00e9dico constante.<\/p>\n\n<\/div>\n\t\t<\/div>\n\n<div class=\"wp-block-ub-content-toggle-accordion\" style=\"border-color: #f1f1f1; \" id=\"ub-content-toggle-panel-block-483daac2-8d05-439b-88b2-39ded3cd20a1\">\n\t\t\t<div class=\"wp-block-ub-content-toggle-accordion-title-wrap\" style=\"background-color: #f1f1f1;\" aria-controls=\"ub-content-toggle-panel-3-8e0a86fc-d573-465d-a319-81bd83bba759\" tabindex=\"0\">\n\t\t\t<p class=\"wp-block-ub-content-toggle-accordion-title ub-content-toggle-title-8e0a86fc-d573-465d-a319-81bd83bba759\" style=\"color: #000000; \">\u00bfC\u00f3mo prevenir la foliculitis capilar y evitar su reaparici\u00f3n?<\/p>\n\t\t\t<div class=\"wp-block-ub-content-toggle-accordion-toggle-wrap right\" style=\"color: #000000;\"><span class=\"wp-block-ub-content-toggle-accordion-state-indicator wp-block-ub-chevron-down open\"><\/span><\/div>\n\t\t<\/div>\n\t\t\t<div role=\"region\" aria-expanded=\"true\" class=\"wp-block-ub-content-toggle-accordion-content-wrap\" id=\"ub-content-toggle-panel-3-8e0a86fc-d573-465d-a319-81bd83bba759\">\n\n<p>Es importante mantener una higiene adecuada con champ\u00fas espec\u00edficos, evitar la manipulaci\u00f3n de los granitos, seguir tratamientos recetados por dermat\u00f3logos en casos graves y adoptar h\u00e1bitos de cuidado capilar que eviten la acumulaci\u00f3n de grasa y la irritaci\u00f3n de los fol\u00edculos.<\/p>\n\n<\/div>\n\t\t<\/div>\n<\/div>\n\n<div class=\"kk-star-ratings kksr-auto kksr-align-left kksr-valign-bottom\"\n    data-payload='{&quot;align&quot;:&quot;left&quot;,&quot;id&quot;:&quot;68240&quot;,&quot;slug&quot;:&quot;default&quot;,&quot;valign&quot;:&quot;bottom&quot;,&quot;ignore&quot;:&quot;&quot;,&quot;reference&quot;:&quot;auto&quot;,&quot;class&quot;:&quot;&quot;,&quot;count&quot;:&quot;0&quot;,&quot;legendonly&quot;:&quot;&quot;,&quot;readonly&quot;:&quot;&quot;,&quot;score&quot;:&quot;0&quot;,&quot;starsonly&quot;:&quot;&quot;,&quot;best&quot;:&quot;5&quot;,&quot;gap&quot;:&quot;5&quot;,&quot;greet&quot;:&quot;Valora este contenido post&quot;,&quot;legend&quot;:&quot;0\\\/5 - (0 votos)&quot;,&quot;size&quot;:&quot;24&quot;,&quot;title&quot;:&quot;Foliculitis capilar: todo lo que necesitas saber para calmar tu cuero cabelludo&quot;,&quot;width&quot;:&quot;0&quot;,&quot;_legend&quot;:&quot;{score}\\\/{best} - ({count} {votes})&quot;,&quot;font_factor&quot;:&quot;1.25&quot;}'>\n            \n<div class=\"kksr-stars\">\n    \n<div class=\"kksr-stars-inactive\">\n            <div class=\"kksr-star\" data-star=\"1\" style=\"padding-right: 5px\">\n            \n\n<div class=\"kksr-icon\" style=\"width: 24px; height: 24px;\"><\/div>\n        <\/div>\n            <div class=\"kksr-star\" data-star=\"2\" style=\"padding-right: 5px\">\n            \n\n<div class=\"kksr-icon\" style=\"width: 24px; height: 24px;\"><\/div>\n        <\/div>\n            <div class=\"kksr-star\" data-star=\"3\" style=\"padding-right: 5px\">\n            \n\n<div class=\"kksr-icon\" style=\"width: 24px; height: 24px;\"><\/div>\n        <\/div>\n            <div class=\"kksr-star\" data-star=\"4\" style=\"padding-right: 5px\">\n            \n\n<div class=\"kksr-icon\" style=\"width: 24px; height: 24px;\"><\/div>\n        <\/div>\n            <div class=\"kksr-star\" data-star=\"5\" style=\"padding-right: 5px\">\n            \n\n<div class=\"kksr-icon\" style=\"width: 24px; height: 24px;\"><\/div>\n        <\/div>\n    <\/div>\n    \n<div class=\"kksr-stars-active\" style=\"width: 0px;\">\n            <div class=\"kksr-star\" style=\"padding-right: 5px\">\n            \n\n<div class=\"kksr-icon\" style=\"width: 24px; height: 24px;\"><\/div>\n        <\/div>\n            <div class=\"kksr-star\" style=\"padding-right: 5px\">\n            \n\n<div class=\"kksr-icon\" style=\"width: 24px; height: 24px;\"><\/div>\n        <\/div>\n            <div class=\"kksr-star\" style=\"padding-right: 5px\">\n            \n\n<div class=\"kksr-icon\" style=\"width: 24px; height: 24px;\"><\/div>\n        <\/div>\n            <div class=\"kksr-star\" style=\"padding-right: 5px\">\n            \n\n<div class=\"kksr-icon\" style=\"width: 24px; height: 24px;\"><\/div>\n        <\/div>\n            <div class=\"kksr-star\" style=\"padding-right: 5px\">\n            \n\n<div class=\"kksr-icon\" style=\"width: 24px; height: 24px;\"><\/div>\n        <\/div>\n    <\/div>\n<\/div>\n                \n\n<div class=\"kksr-legend\" style=\"font-size: 19.2px;\">\n            <span class=\"kksr-muted\">Valora este contenido post<\/span>\n    <\/div>\n    <\/div>\n","protected":false},"excerpt":{"rendered":"\u00bfAlguna vez has sentido una especie de \u00abgranitos\u00bb dolorosos en la cabeza al peinarte? \u00bfO quiz\u00e1 un picor&hellip;\n","protected":false},"author":2,"featured_media":69647,"comment_status":"closed","ping_status":"closed","sticky":false,"template":"","format":"standard","meta":{"_strive_editorial_status":"editing","_strive_copy_of":0,"_themeisle_gutenberg_block_has_review":false,"_strive_checklists":"\"\"","_strive_active_checklist":"","_strive_post_notes":"","footnotes":""},"categories":[15],"tags":[1379],"class_list":{"0":"post-68240","1":"post","2":"type-post","3":"status-publish","4":"format-standard","5":"has-post-thumbnail","7":"category-salud-belleza","8":"tag-foliculitis","9":"cs-entry","10":"cs-video-wrap"},"featured_image_src":"https:\/\/www.druni.es\/blog\/wp-content\/uploads\/2026\/05\/03_Foliculitis_capilar_PORTADA.jpg","author_info":{"display_name":"Abraham Rodriguez","author_link":"https:\/\/www.druni.es\/blog\/author\/abraham\/"},"yoast_head":"<!-- This site is optimized with the Yoast SEO plugin v27.5 - https:\/\/yoast.com\/product\/yoast-seo-wordpress\/ -->\n<title>Foliculitis capilar: todo lo que necesitas saber para calmar tu cuero cabelludo \u2714 | Blog Druni<\/title>\n<meta name=\"description\" content=\"Descubre c\u00f3mo calmar tu cuero cabelludo con foliculitis capilar. Aprende qu\u00e9 es, por qu\u00e9 aparece y c\u00f3mo recuperar el equilibrio.\ud83c\udf3f\" \/>\n<meta name=\"robots\" content=\"index, follow, max-snippet:-1, max-image-preview:large, max-video-preview:-1\" \/>\n<link rel=\"canonical\" href=\"https:\/\/www.druni.es\/blog\/foliculitis-capilar-que-es-y-como-tratarla\/\" \/>\n<meta name=\"twitter:card\" content=\"summary_large_image\" \/>\n<meta name=\"twitter:title\" content=\"Foliculitis capilar: todo lo que necesitas saber para calmar tu cuero cabelludo \u2714 | Blog Druni\" \/>\n<meta name=\"twitter:description\" content=\"Descubre c\u00f3mo calmar tu cuero cabelludo con foliculitis capilar. Aprende qu\u00e9 es, por qu\u00e9 aparece y c\u00f3mo recuperar el equilibrio.\ud83c\udf3f\" \/>\n<meta name=\"twitter:image\" content=\"https:\/\/www.druni.es\/blog\/wp-content\/uploads\/2026\/05\/03_Foliculitis_capilar_PORTADA.jpg\" \/>\n<script type=\"application\/ld+json\" class=\"yoast-schema-graph\">{\"@context\":\"https:\\\/\\\/schema.org\",\"@graph\":[{\"@type\":\"Article\",\"@id\":\"https:\\\/\\\/www.druni.es\\\/blog\\\/foliculitis-capilar-que-es-y-como-tratarla\\\/#article\",\"isPartOf\":{\"@id\":\"https:\\\/\\\/www.druni.es\\\/blog\\\/foliculitis-capilar-que-es-y-como-tratarla\\\/\"},\"author\":{\"name\":\"Abraham Rodriguez\",\"@id\":\"https:\\\/\\\/www.druni.es\\\/blog\\\/#\\\/schema\\\/person\\\/cc4fe2731e5bfa782d44a1de390f4481\"},\"headline\":\"Foliculitis capilar: todo lo que necesitas saber para calmar tu cuero cabelludo\",\"datePublished\":\"2026-05-03T10:00:00+00:00\",\"mainEntityOfPage\":{\"@id\":\"https:\\\/\\\/www.druni.es\\\/blog\\\/foliculitis-capilar-que-es-y-como-tratarla\\\/\"},\"wordCount\":1126,\"image\":{\"@id\":\"https:\\\/\\\/www.druni.es\\\/blog\\\/foliculitis-capilar-que-es-y-como-tratarla\\\/#primaryimage\"},\"thumbnailUrl\":\"https:\\\/\\\/www.druni.es\\\/blog\\\/wp-content\\\/uploads\\\/2026\\\/05\\\/03_Foliculitis_capilar_PORTADA.jpg\",\"keywords\":[\"foliculitis\"],\"articleSection\":[\"Salud y Belleza\"],\"inLanguage\":\"es\"},{\"@type\":\"WebPage\",\"@id\":\"https:\\\/\\\/www.druni.es\\\/blog\\\/foliculitis-capilar-que-es-y-como-tratarla\\\/\",\"url\":\"https:\\\/\\\/www.druni.es\\\/blog\\\/foliculitis-capilar-que-es-y-como-tratarla\\\/\",\"name\":\"Foliculitis capilar: todo lo que necesitas saber para calmar tu cuero cabelludo \u2714 | Blog Druni\",\"isPartOf\":{\"@id\":\"https:\\\/\\\/www.druni.es\\\/blog\\\/#website\"},\"primaryImageOfPage\":{\"@id\":\"https:\\\/\\\/www.druni.es\\\/blog\\\/foliculitis-capilar-que-es-y-como-tratarla\\\/#primaryimage\"},\"image\":{\"@id\":\"https:\\\/\\\/www.druni.es\\\/blog\\\/foliculitis-capilar-que-es-y-como-tratarla\\\/#primaryimage\"},\"thumbnailUrl\":\"https:\\\/\\\/www.druni.es\\\/blog\\\/wp-content\\\/uploads\\\/2026\\\/05\\\/03_Foliculitis_capilar_PORTADA.jpg\",\"datePublished\":\"2026-05-03T10:00:00+00:00\",\"author\":{\"@id\":\"https:\\\/\\\/www.druni.es\\\/blog\\\/#\\\/schema\\\/person\\\/cc4fe2731e5bfa782d44a1de390f4481\"},\"description\":\"Descubre c\u00f3mo calmar tu cuero cabelludo con foliculitis capilar. Aprende qu\u00e9 es, por qu\u00e9 aparece y c\u00f3mo recuperar el equilibrio.\ud83c\udf3f\",\"breadcrumb\":{\"@id\":\"https:\\\/\\\/www.druni.es\\\/blog\\\/foliculitis-capilar-que-es-y-como-tratarla\\\/#breadcrumb\"},\"inLanguage\":\"es\",\"potentialAction\":[{\"@type\":\"ReadAction\",\"target\":[\"https:\\\/\\\/www.druni.es\\\/blog\\\/foliculitis-capilar-que-es-y-como-tratarla\\\/\"]}]},{\"@type\":\"ImageObject\",\"inLanguage\":\"es\",\"@id\":\"https:\\\/\\\/www.druni.es\\\/blog\\\/foliculitis-capilar-que-es-y-como-tratarla\\\/#primaryimage\",\"url\":\"https:\\\/\\\/www.druni.es\\\/blog\\\/wp-content\\\/uploads\\\/2026\\\/05\\\/03_Foliculitis_capilar_PORTADA.jpg\",\"contentUrl\":\"https:\\\/\\\/www.druni.es\\\/blog\\\/wp-content\\\/uploads\\\/2026\\\/05\\\/03_Foliculitis_capilar_PORTADA.jpg\",\"width\":1200,\"height\":748},{\"@type\":\"BreadcrumbList\",\"@id\":\"https:\\\/\\\/www.druni.es\\\/blog\\\/foliculitis-capilar-que-es-y-como-tratarla\\\/#breadcrumb\",\"itemListElement\":[{\"@type\":\"ListItem\",\"position\":1,\"name\":\"Druni Blog\",\"item\":\"https:\\\/\\\/www.druni.es\\\/blog\\\/\"},{\"@type\":\"ListItem\",\"position\":2,\"name\":\"Salud y Belleza\",\"item\":\"https:\\\/\\\/www.druni.es\\\/blog\\\/salud-belleza\\\/\"},{\"@type\":\"ListItem\",\"position\":3,\"name\":\"Foliculitis Capilar\"}]},{\"@type\":\"WebSite\",\"@id\":\"https:\\\/\\\/www.druni.es\\\/blog\\\/#website\",\"url\":\"https:\\\/\\\/www.druni.es\\\/blog\\\/\",\"name\":\"Druni Blog\",\"description\":\"Beauty &amp; Health\",\"potentialAction\":[{\"@type\":\"SearchAction\",\"target\":{\"@type\":\"EntryPoint\",\"urlTemplate\":\"https:\\\/\\\/www.druni.es\\\/blog\\\/?s={search_term_string}\"},\"query-input\":{\"@type\":\"PropertyValueSpecification\",\"valueRequired\":true,\"valueName\":\"search_term_string\"}}],\"inLanguage\":\"es\"},{\"@type\":\"Person\",\"@id\":\"https:\\\/\\\/www.druni.es\\\/blog\\\/#\\\/schema\\\/person\\\/cc4fe2731e5bfa782d44a1de390f4481\",\"name\":\"Abraham Rodriguez\",\"image\":{\"@type\":\"ImageObject\",\"inLanguage\":\"es\",\"@id\":\"https:\\\/\\\/secure.gravatar.com\\\/avatar\\\/a0b97b568facc7d687254dae39c5cfb79af095aebc91173945f2a50629c9fe1a?s=96&d=mm&r=g\",\"url\":\"https:\\\/\\\/secure.gravatar.com\\\/avatar\\\/a0b97b568facc7d687254dae39c5cfb79af095aebc91173945f2a50629c9fe1a?s=96&d=mm&r=g\",\"contentUrl\":\"https:\\\/\\\/secure.gravatar.com\\\/avatar\\\/a0b97b568facc7d687254dae39c5cfb79af095aebc91173945f2a50629c9fe1a?s=96&d=mm&r=g\",\"caption\":\"Abraham Rodriguez\"},\"description\":\"Como Head of SEO &amp; Contents del Grupo Druni, Abraham dise\u00f1a y dirige la estrategia de posicionamiento org\u00e1nico y desarrollo de audiencias de la cadena de perfumer\u00edas y cosm\u00e9tica m\u00e1s relevante del mercado espa\u00f1ol. Su trabajo combina SEO t\u00e9cnico avanzado, desarrollo de aplicaciones, integraci\u00f3n de APIs e incorporaci\u00f3n de inteligencia artificial en los procesos de trabajo, impactando directamente en la operativa diaria y en la visibilidad global de la marca. Ha liderado proyectos de migraci\u00f3n, integraci\u00f3n de plataformas ecommerce y mejora del rendimiento en druni.es, coordinando con equipos t\u00e9cnicos, de producto y de marketing. M\u00e1s sobre su trabajo en abrahamrodriguez.es.\",\"sameAs\":[\"http:\\\/\\\/abrahamrodriguez.es\"]}]}<\/script>\n<!-- \/ Yoast SEO plugin. -->","yoast_head_json":{"title":"Foliculitis capilar: todo lo que necesitas saber para calmar tu cuero cabelludo \u2714 | Blog Druni","description":"Descubre c\u00f3mo calmar tu cuero cabelludo con foliculitis capilar. Aprende qu\u00e9 es, por qu\u00e9 aparece y c\u00f3mo recuperar el equilibrio.\ud83c\udf3f","robots":{"index":"index","follow":"follow","max-snippet":"max-snippet:-1","max-image-preview":"max-image-preview:large","max-video-preview":"max-video-preview:-1"},"canonical":"https:\/\/www.druni.es\/blog\/foliculitis-capilar-que-es-y-como-tratarla\/","twitter_card":"summary_large_image","twitter_title":"Foliculitis capilar: todo lo que necesitas saber para calmar tu cuero cabelludo \u2714 | Blog Druni","twitter_description":"Descubre c\u00f3mo calmar tu cuero cabelludo con foliculitis capilar. Aprende qu\u00e9 es, por qu\u00e9 aparece y c\u00f3mo recuperar el equilibrio.\ud83c\udf3f","twitter_image":"https:\/\/www.druni.es\/blog\/wp-content\/uploads\/2026\/05\/03_Foliculitis_capilar_PORTADA.jpg","schema":{"@context":"https:\/\/schema.org","@graph":[{"@type":"Article","@id":"https:\/\/www.druni.es\/blog\/foliculitis-capilar-que-es-y-como-tratarla\/#article","isPartOf":{"@id":"https:\/\/www.druni.es\/blog\/foliculitis-capilar-que-es-y-como-tratarla\/"},"author":{"name":"Abraham Rodriguez","@id":"https:\/\/www.druni.es\/blog\/#\/schema\/person\/cc4fe2731e5bfa782d44a1de390f4481"},"headline":"Foliculitis capilar: todo lo que necesitas saber para calmar tu cuero cabelludo","datePublished":"2026-05-03T10:00:00+00:00","mainEntityOfPage":{"@id":"https:\/\/www.druni.es\/blog\/foliculitis-capilar-que-es-y-como-tratarla\/"},"wordCount":1126,"image":{"@id":"https:\/\/www.druni.es\/blog\/foliculitis-capilar-que-es-y-como-tratarla\/#primaryimage"},"thumbnailUrl":"https:\/\/www.druni.es\/blog\/wp-content\/uploads\/2026\/05\/03_Foliculitis_capilar_PORTADA.jpg","keywords":["foliculitis"],"articleSection":["Salud y Belleza"],"inLanguage":"es"},{"@type":"WebPage","@id":"https:\/\/www.druni.es\/blog\/foliculitis-capilar-que-es-y-como-tratarla\/","url":"https:\/\/www.druni.es\/blog\/foliculitis-capilar-que-es-y-como-tratarla\/","name":"Foliculitis capilar: todo lo que necesitas saber para calmar tu cuero cabelludo \u2714 | Blog Druni","isPartOf":{"@id":"https:\/\/www.druni.es\/blog\/#website"},"primaryImageOfPage":{"@id":"https:\/\/www.druni.es\/blog\/foliculitis-capilar-que-es-y-como-tratarla\/#primaryimage"},"image":{"@id":"https:\/\/www.druni.es\/blog\/foliculitis-capilar-que-es-y-como-tratarla\/#primaryimage"},"thumbnailUrl":"https:\/\/www.druni.es\/blog\/wp-content\/uploads\/2026\/05\/03_Foliculitis_capilar_PORTADA.jpg","datePublished":"2026-05-03T10:00:00+00:00","author":{"@id":"https:\/\/www.druni.es\/blog\/#\/schema\/person\/cc4fe2731e5bfa782d44a1de390f4481"},"description":"Descubre c\u00f3mo calmar tu cuero cabelludo con foliculitis capilar. Aprende qu\u00e9 es, por qu\u00e9 aparece y c\u00f3mo recuperar el equilibrio.\ud83c\udf3f","breadcrumb":{"@id":"https:\/\/www.druni.es\/blog\/foliculitis-capilar-que-es-y-como-tratarla\/#breadcrumb"},"inLanguage":"es","potentialAction":[{"@type":"ReadAction","target":["https:\/\/www.druni.es\/blog\/foliculitis-capilar-que-es-y-como-tratarla\/"]}]},{"@type":"ImageObject","inLanguage":"es","@id":"https:\/\/www.druni.es\/blog\/foliculitis-capilar-que-es-y-como-tratarla\/#primaryimage","url":"https:\/\/www.druni.es\/blog\/wp-content\/uploads\/2026\/05\/03_Foliculitis_capilar_PORTADA.jpg","contentUrl":"https:\/\/www.druni.es\/blog\/wp-content\/uploads\/2026\/05\/03_Foliculitis_capilar_PORTADA.jpg","width":1200,"height":748},{"@type":"BreadcrumbList","@id":"https:\/\/www.druni.es\/blog\/foliculitis-capilar-que-es-y-como-tratarla\/#breadcrumb","itemListElement":[{"@type":"ListItem","position":1,"name":"Druni Blog","item":"https:\/\/www.druni.es\/blog\/"},{"@type":"ListItem","position":2,"name":"Salud y Belleza","item":"https:\/\/www.druni.es\/blog\/salud-belleza\/"},{"@type":"ListItem","position":3,"name":"Foliculitis Capilar"}]},{"@type":"WebSite","@id":"https:\/\/www.druni.es\/blog\/#website","url":"https:\/\/www.druni.es\/blog\/","name":"Druni Blog","description":"Beauty &amp; Health","potentialAction":[{"@type":"SearchAction","target":{"@type":"EntryPoint","urlTemplate":"https:\/\/www.druni.es\/blog\/?s={search_term_string}"},"query-input":{"@type":"PropertyValueSpecification","valueRequired":true,"valueName":"search_term_string"}}],"inLanguage":"es"},{"@type":"Person","@id":"https:\/\/www.druni.es\/blog\/#\/schema\/person\/cc4fe2731e5bfa782d44a1de390f4481","name":"Abraham Rodriguez","image":{"@type":"ImageObject","inLanguage":"es","@id":"https:\/\/secure.gravatar.com\/avatar\/a0b97b568facc7d687254dae39c5cfb79af095aebc91173945f2a50629c9fe1a?s=96&d=mm&r=g","url":"https:\/\/secure.gravatar.com\/avatar\/a0b97b568facc7d687254dae39c5cfb79af095aebc91173945f2a50629c9fe1a?s=96&d=mm&r=g","contentUrl":"https:\/\/secure.gravatar.com\/avatar\/a0b97b568facc7d687254dae39c5cfb79af095aebc91173945f2a50629c9fe1a?s=96&d=mm&r=g","caption":"Abraham Rodriguez"},"description":"Como Head of SEO &amp; Contents del Grupo Druni, Abraham dise\u00f1a y dirige la estrategia de posicionamiento org\u00e1nico y desarrollo de audiencias de la cadena de perfumer\u00edas y cosm\u00e9tica m\u00e1s relevante del mercado espa\u00f1ol. Su trabajo combina SEO t\u00e9cnico avanzado, desarrollo de aplicaciones, integraci\u00f3n de APIs e incorporaci\u00f3n de inteligencia artificial en los procesos de trabajo, impactando directamente en la operativa diaria y en la visibilidad global de la marca. Ha liderado proyectos de migraci\u00f3n, integraci\u00f3n de plataformas ecommerce y mejora del rendimiento en druni.es, coordinando con equipos t\u00e9cnicos, de producto y de marketing. M\u00e1s sobre su trabajo en abrahamrodriguez.es.","sameAs":["http:\/\/abrahamrodriguez.es"]}]}},"_links":{"self":[{"href":"https:\/\/www.druni.es\/blog\/wp-json\/wp\/v2\/posts\/68240","targetHints":{"allow":["GET"]}}],"collection":[{"href":"https:\/\/www.druni.es\/blog\/wp-json\/wp\/v2\/posts"}],"about":[{"href":"https:\/\/www.druni.es\/blog\/wp-json\/wp\/v2\/types\/post"}],"author":[{"embeddable":true,"href":"https:\/\/www.druni.es\/blog\/wp-json\/wp\/v2\/users\/2"}],"replies":[{"embeddable":true,"href":"https:\/\/www.druni.es\/blog\/wp-json\/wp\/v2\/comments?post=68240"}],"version-history":[{"count":5,"href":"https:\/\/www.druni.es\/blog\/wp-json\/wp\/v2\/posts\/68240\/revisions"}],"predecessor-version":[{"id":69665,"href":"https:\/\/www.druni.es\/blog\/wp-json\/wp\/v2\/posts\/68240\/revisions\/69665"}],"wp:featuredmedia":[{"embeddable":true,"href":"https:\/\/www.druni.es\/blog\/wp-json\/wp\/v2\/media\/69647"}],"wp:attachment":[{"href":"https:\/\/www.druni.es\/blog\/wp-json\/wp\/v2\/media?parent=68240"}],"wp:term":[{"taxonomy":"category","embeddable":true,"href":"https:\/\/www.druni.es\/blog\/wp-json\/wp\/v2\/categories?post=68240"},{"taxonomy":"post_tag","embeddable":true,"href":"https:\/\/www.druni.es\/blog\/wp-json\/wp\/v2\/tags?post=68240"}],"curies":[{"name":"wp","href":"https:\/\/api.w.org\/{rel}","templated":true}]}}