{"id":68311,"date":"2026-04-29T17:00:00","date_gmt":"2026-04-29T15:00:00","guid":{"rendered":"https:\/\/www.druni.es\/blog\/?p=68311"},"modified":"2026-04-29T16:31:34","modified_gmt":"2026-04-29T14:31:34","slug":"estetica-que-definia-el-canon-de-belleza-griego-original","status":"publish","type":"post","link":"https:\/\/www.druni.es\/blog\/estetica-que-definia-el-canon-de-belleza-griego-original\/","title":{"rendered":"Est\u00e9tica: qu\u00e9 defin\u00eda el canon de belleza griego original"},"content":{"rendered":"\n<p>Hubo un tiempo en el que la belleza no se med\u00eda por tendencias virales, filtros ni retoques, sino por algo mucho m\u00e1s solemne: la armon\u00eda. El canon de belleza griego convirti\u00f3 el cuerpo en una especie de ideal matem\u00e1tico y, de paso, dej\u00f3 una huella tan profunda que todav\u00eda hoy seguimos arrastrando parte de esa mirada. <\/p>\n\n\n\n<p>Cuando hablamos del canon de belleza griego, en realidad hablamos de proporci\u00f3n, simetr\u00eda, juventud y equilibrio, pero tambi\u00e9n de poder, estatus y de una idea muy concreta de lo que significaba ser perfecto.<\/p>\n\n\n\n<h2 id=\"que-era-el-canon-de-belleza-griego\" class=\"wp-block-heading\">\u00bfQu\u00e9 era el canon de belleza griego?<\/h2>\n\n\n\n<figure class=\"wp-block-image size-full\"><img loading=\"lazy\" decoding=\"async\" width=\"868\" height=\"349\" src=\"https:\/\/www.druni.es\/blog\/wp-content\/uploads\/2026\/04\/29_Estilo_belleza_griego_img01.jpg\" alt=\"\" class=\"wp-image-69563\" srcset=\"https:\/\/www.druni.es\/blog\/wp-content\/uploads\/2026\/04\/29_Estilo_belleza_griego_img01.jpg 868w, https:\/\/www.druni.es\/blog\/wp-content\/uploads\/2026\/04\/29_Estilo_belleza_griego_img01-300x121.jpg 300w, https:\/\/www.druni.es\/blog\/wp-content\/uploads\/2026\/04\/29_Estilo_belleza_griego_img01-768x309.jpg 768w, https:\/\/www.druni.es\/blog\/wp-content\/uploads\/2026\/04\/29_Estilo_belleza_griego_img01-380x153.jpg 380w, https:\/\/www.druni.es\/blog\/wp-content\/uploads\/2026\/04\/29_Estilo_belleza_griego_img01-800x322.jpg 800w, https:\/\/www.druni.es\/blog\/wp-content\/uploads\/2026\/04\/29_Estilo_belleza_griego_img01-760x306.jpg 760w, https:\/\/www.druni.es\/blog\/wp-content\/uploads\/2026\/04\/29_Estilo_belleza_griego_img01-600x241.jpg 600w\" sizes=\"auto, (max-width: 868px) 100vw, 868px\" \/><\/figure>\n\n\n\n<p>El canon de belleza griego fue un ideal est\u00e9tico desarrollado en la Antigua Grecia seg\u00fan el cual un cuerpo bello deb\u00eda responder a una relaci\u00f3n arm\u00f3nica entre sus partes. No era solo una cuesti\u00f3n de gustos: para los griegos, la belleza estaba ligada al orden, la medida y la simetr\u00eda. En escultura, esa idea qued\u00f3 especialmente asociada a Policleto, que formul\u00f3 un \u201cCanon\u201d basado en proporciones matem\u00e1ticas para representar el cuerpo humano ideal.<\/p>\n\n\n\n<h2 id=\"caracteristicas-del-canon-de-belleza-en-la-grecia-antigua\" class=\"wp-block-heading\">Caracter\u00edsticas del canon de belleza en la Grecia antigua<\/h2>\n\n\n\n<figure class=\"wp-block-image size-full\"><img loading=\"lazy\" decoding=\"async\" width=\"868\" height=\"349\" src=\"https:\/\/www.druni.es\/blog\/wp-content\/uploads\/2026\/04\/29_Estilo_belleza_griego_img04.jpg\" alt=\"\" class=\"wp-image-69568\" srcset=\"https:\/\/www.druni.es\/blog\/wp-content\/uploads\/2026\/04\/29_Estilo_belleza_griego_img04.jpg 868w, https:\/\/www.druni.es\/blog\/wp-content\/uploads\/2026\/04\/29_Estilo_belleza_griego_img04-300x121.jpg 300w, https:\/\/www.druni.es\/blog\/wp-content\/uploads\/2026\/04\/29_Estilo_belleza_griego_img04-768x309.jpg 768w, https:\/\/www.druni.es\/blog\/wp-content\/uploads\/2026\/04\/29_Estilo_belleza_griego_img04-380x153.jpg 380w, https:\/\/www.druni.es\/blog\/wp-content\/uploads\/2026\/04\/29_Estilo_belleza_griego_img04-800x322.jpg 800w, https:\/\/www.druni.es\/blog\/wp-content\/uploads\/2026\/04\/29_Estilo_belleza_griego_img04-760x306.jpg 760w, https:\/\/www.druni.es\/blog\/wp-content\/uploads\/2026\/04\/29_Estilo_belleza_griego_img04-600x241.jpg 600w\" sizes=\"auto, (max-width: 868px) 100vw, 868px\" \/><\/figure>\n\n\n\n<p>La belleza ideal griega se constru\u00eda a partir de varios elementos repetidos una y otra vez en el arte: juventud, cuerpo equilibrado, rostro sereno y ausencia de excesos. El ideal no buscaba tanto la individualidad como una perfecci\u00f3n casi universal. Por eso muchas esculturas no eran retratos reales, sino representaciones idealizadas de c\u00f3mo deb\u00eda verse un cuerpo hermoso seg\u00fan la mentalidad de la \u00e9poca.<\/p>\n\n\n\n<h3 id=\"proporciones-y-simetria-del-cuerpo\" class=\"wp-block-heading\">Proporciones y simetr\u00eda del cuerpo<\/h3>\n\n\n\n<p>Si hay una palabra clave para entender el canon de belleza griego, esa es simetr\u00eda. Los griegos cre\u00edan que un cuerpo bello deb\u00eda guardar una proporci\u00f3n precisa entre todas sus partes. Esa b\u00fasqueda de equilibrio se ve de forma clar\u00edsima en la escultura cl\u00e1sica, donde el cuerpo masculino aparece atl\u00e9tico, firme y perfectamente compensado, con musculatura marcada pero sin exageraci\u00f3n. La belleza no estaba en lo desbordado, sino en lo medido.<\/p>\n\n\n\n<h3 id=\"rasgos-faciales-ideales\" class=\"wp-block-heading\">Rasgos faciales ideales<\/h3>\n\n\n\n<p>En el rostro, el ideal griego apostaba por la regularidad: facciones equilibradas, nariz recta, frente proporcionada, mand\u00edbula arm\u00f3nica y una expresi\u00f3n contenida. No era una belleza basada en lo llamativo, sino en lo sereno. Incluso en las primeras esculturas arcaicas, como los kouroi y las korai, esa perfecci\u00f3n se expresaba con rostros estables, casi impasibles, m\u00e1s cercanos a una idea abstracta de belleza que a una emoci\u00f3n real.<\/p>\n\n\n\n<h3 id=\"diferencias-entre-el-ideal-masculino-y-femenino\" class=\"wp-block-heading\">Diferencias entre el ideal masculino y femenino<\/h3>\n\n\n\n<p>Aqu\u00ed viene una de las partes m\u00e1s reveladoras. En la Antigua Grecia, el ideal masculino y el femenino no se representaban de la misma manera. El cuerpo del hombre, sobre todo el del atleta o el guerrero, ocupaba el centro del ideal de belleza: aparec\u00eda desnudo, fuerte, joven y visible en el espacio p\u00fablico. <\/p>\n\n\n\n<p>En cambio, la mujer se representaba de forma m\u00e1s reservada y habitualmente vestida, ligada a la modestia y al control social. Es decir, la belleza masculina se asociaba a la excelencia y la virtud; la femenina, a la contenci\u00f3n y la respetabilidad.<\/p>\n\n\n\n<h2 id=\"habrias-sido-guapo-o-guapa-en-la-grecia-antigua\" class=\"wp-block-heading\">\u00bfHabr\u00edas sido guapo o guapa en la Grecia antigua?<\/h2>\n\n\n\n<figure class=\"wp-block-image size-full\"><img loading=\"lazy\" decoding=\"async\" width=\"868\" height=\"349\" src=\"https:\/\/www.druni.es\/blog\/wp-content\/uploads\/2026\/04\/29_Estilo_belleza_griego_img03.jpg\" alt=\"\" class=\"wp-image-69567\" srcset=\"https:\/\/www.druni.es\/blog\/wp-content\/uploads\/2026\/04\/29_Estilo_belleza_griego_img03.jpg 868w, https:\/\/www.druni.es\/blog\/wp-content\/uploads\/2026\/04\/29_Estilo_belleza_griego_img03-300x121.jpg 300w, https:\/\/www.druni.es\/blog\/wp-content\/uploads\/2026\/04\/29_Estilo_belleza_griego_img03-768x309.jpg 768w, https:\/\/www.druni.es\/blog\/wp-content\/uploads\/2026\/04\/29_Estilo_belleza_griego_img03-380x153.jpg 380w, https:\/\/www.druni.es\/blog\/wp-content\/uploads\/2026\/04\/29_Estilo_belleza_griego_img03-800x322.jpg 800w, https:\/\/www.druni.es\/blog\/wp-content\/uploads\/2026\/04\/29_Estilo_belleza_griego_img03-760x306.jpg 760w, https:\/\/www.druni.es\/blog\/wp-content\/uploads\/2026\/04\/29_Estilo_belleza_griego_img03-600x241.jpg 600w\" sizes=\"auto, (max-width: 868px) 100vw, 868px\" \/><\/figure>\n\n\n\n<p>La pregunta tiene gracia, pero tambi\u00e9n dice mucho sobre c\u00f3mo funcionan los c\u00e1nones. En la Grecia antigua habr\u00edan sumado puntos unos rasgos equilibrados, un cuerpo proporcionado y una apariencia joven. En los hombres, el ideal tend\u00eda a lo atl\u00e9tico; en las mujeres, a una belleza m\u00e1s discreta y armoniosa. Nada de rasgos exc\u00e9ntricos ni de extremos: el atractivo estaba en parecer \u201cbien compuesto\u201d. Vi\u00e9ndolo desde hoy, queda claro que los ideales cambian, pero la presi\u00f3n por encajar en ellos no es precisamente nueva.<\/p>\n\n\n\n<h2 id=\"la-belleza-en-el-arte-y-la-escultura-griega\" class=\"wp-block-heading\">La belleza en el arte y la escultura griega<\/h2>\n\n\n\n<p>La escultura griega fue el gran escaparate de ese ideal. Los kouroi -figuras masculinas j\u00f3venes y desnudas- no representaban a un chico concreto, sino la idea misma de juventud perfecta. Las korai, su contraparte femenina, aparec\u00edan vestidas y con una belleza m\u00e1s codificada. M\u00e1s adelante, en el periodo cl\u00e1sico, los cuerpos ganaron naturalismo, movimiento y un sentido de perfecci\u00f3n anat\u00f3mica que marc\u00f3 para siempre la historia del arte occidental.<\/p>\n\n\n\n<h2 id=\"el-canon-de-belleza-griego-vs-los-estandares-actuales\" class=\"wp-block-heading\">El canon de belleza griego vs. los est\u00e1ndares actuales<\/h2>\n\n\n\n<figure class=\"wp-block-image size-full\"><img loading=\"lazy\" decoding=\"async\" width=\"868\" height=\"349\" src=\"https:\/\/www.druni.es\/blog\/wp-content\/uploads\/2026\/04\/29_Estilo_belleza_griego_img02.jpg\" alt=\"\" class=\"wp-image-69565\" srcset=\"https:\/\/www.druni.es\/blog\/wp-content\/uploads\/2026\/04\/29_Estilo_belleza_griego_img02.jpg 868w, https:\/\/www.druni.es\/blog\/wp-content\/uploads\/2026\/04\/29_Estilo_belleza_griego_img02-300x121.jpg 300w, https:\/\/www.druni.es\/blog\/wp-content\/uploads\/2026\/04\/29_Estilo_belleza_griego_img02-768x309.jpg 768w, https:\/\/www.druni.es\/blog\/wp-content\/uploads\/2026\/04\/29_Estilo_belleza_griego_img02-380x153.jpg 380w, https:\/\/www.druni.es\/blog\/wp-content\/uploads\/2026\/04\/29_Estilo_belleza_griego_img02-800x322.jpg 800w, https:\/\/www.druni.es\/blog\/wp-content\/uploads\/2026\/04\/29_Estilo_belleza_griego_img02-760x306.jpg 760w, https:\/\/www.druni.es\/blog\/wp-content\/uploads\/2026\/04\/29_Estilo_belleza_griego_img02-600x241.jpg 600w\" sizes=\"auto, (max-width: 868px) 100vw, 868px\" \/><\/figure>\n\n\n\n<p>La diferencia principal entre el canon de belleza griego y los est\u00e1ndares actuales es que hoy convivimos con muchos ideales a la vez, aunque la tiran\u00eda de la perfecci\u00f3n siga presente. Grecia apostaba por una belleza unificada, objetiva y casi matem\u00e1tica. Ahora el discurso es m\u00e1s diverso, pero seguimos premiando la simetr\u00eda, la juventud y la proporci\u00f3n en much\u00edsimas im\u00e1genes, desde la moda hasta la medicina est\u00e9tica. Cambian los c\u00f3digos; el fondo, a veces, no tanto.<\/p>\n\n\n\n<h2 id=\"la-influencia-del-canon-griego-en-la-estetica-occidental\" class=\"wp-block-heading\">La influencia del canon griego en la est\u00e9tica occidental<\/h2>\n\n\n\n<p>La huella del ideal griego en la est\u00e9tica occidental es enorme. Su defensa de la armon\u00eda corporal y de la proporci\u00f3n perfecta reapareci\u00f3 siglos despu\u00e9s en el Renacimiento y sigue muy presente en c\u00f3mo entendemos hoy la belleza \u201ccl\u00e1sica\u201d. Basta pensar en expresiones como \u201crasgos proporcionados\u201d o \u201crostro arm\u00f3nico\u201d para ver que, de alguna manera, seguimos hablando el lenguaje que Grecia ayud\u00f3 a fijar hace m\u00e1s de dos mil a\u00f1os.<\/p>\n\n\n\n<div class=\"wp-block-group\"><div class=\"wp-block-group__inner-container is-layout-flow wp-block-group-is-layout-flow\">\n<p id=\"wp-block-themeisle-blocks-advanced-heading-9d985381\" class=\"wp-block-themeisle-blocks-advanced-heading wp-block-themeisle-blocks-advanced-heading-9d985381 ticss-636c4928 is-style-default\"><strong>M\u00e1s art\u00edculos relacionados<\/strong><\/p>\n\n\n\n<p id=\"wp-block-themeisle-blocks-advanced-heading-34a7f84a\" class=\"wp-block-themeisle-blocks-advanced-heading wp-block-themeisle-blocks-advanced-heading-34a7f84a ticss-636c4928 is-style-default\"><strong>\u2193 &nbsp; \u2193 &nbsp; \u2193 &nbsp; \u2193 &nbsp; \u2193<\/strong><\/p>\n<\/div><\/div>\n\n\n\t<div class=\"cnvs-block-posts cnvs-block-posts-1664534996535 cnvs-block-posts-layout-standard-type-2\" data-layout=\"standard-type-2\" data-min-height=\"\">\n\t\t<div class=\"cs-posts-area\" data-posts-area=\"\">\n\t\t\t<div class=\"cs-posts-area__outer\">\n\t\t\t\t<div class=\"cs-posts-area__main cs-block-posts-layout-standard-type-2\">\n\t\t\t\t\t<article class=\"post-68311 post type-post status-publish format-standard has-post-thumbnail category-salud-belleza tag-canon-de-belleza cs-entry cs-video-wrap\">\n\t<div class=\"cs-entry__outercs-entry__outer\">\n\t\t\t\t<div class=\"cs-entry__inner cs-entry__thumbnail cs-entry__overlay  cs-entry__setting-format cs-overlay-ratio cs-ratio-portrait\">\n\t\t\t<div class=\"cs-overlay-background cs-overlay-transparent\">\n\t\t\t\t<img loading=\"lazy\" decoding=\"async\" width=\"768\" height=\"479\" src=\"https:\/\/www.druni.es\/blog\/wp-content\/uploads\/2026\/04\/29_Estilo_belleza_griego_PORTADA-768x479.jpg\" class=\"attachment-medium_large size-medium_large wp-post-image\" alt=\"\" srcset=\"https:\/\/www.druni.es\/blog\/wp-content\/uploads\/2026\/04\/29_Estilo_belleza_griego_PORTADA-768x479.jpg 768w, https:\/\/www.druni.es\/blog\/wp-content\/uploads\/2026\/04\/29_Estilo_belleza_griego_PORTADA-300x187.jpg 300w, https:\/\/www.druni.es\/blog\/wp-content\/uploads\/2026\/04\/29_Estilo_belleza_griego_PORTADA-1024x638.jpg 1024w, https:\/\/www.druni.es\/blog\/wp-content\/uploads\/2026\/04\/29_Estilo_belleza_griego_PORTADA-380x237.jpg 380w, https:\/\/www.druni.es\/blog\/wp-content\/uploads\/2026\/04\/29_Estilo_belleza_griego_PORTADA-800x499.jpg 800w, https:\/\/www.druni.es\/blog\/wp-content\/uploads\/2026\/04\/29_Estilo_belleza_griego_PORTADA-1160x723.jpg 1160w, https:\/\/www.druni.es\/blog\/wp-content\/uploads\/2026\/04\/29_Estilo_belleza_griego_PORTADA-760x474.jpg 760w, https:\/\/www.druni.es\/blog\/wp-content\/uploads\/2026\/04\/29_Estilo_belleza_griego_PORTADA-600x374.jpg 600w, https:\/\/www.druni.es\/blog\/wp-content\/uploads\/2026\/04\/29_Estilo_belleza_griego_PORTADA.jpg 1200w\" sizes=\"auto, (max-width: 768px) 100vw, 768px\" \/>\t\t\t<\/div>\n\n\t\t\t\n\t\t\t\n\t\t\t\n\t\t\t<a class=\"cs-overlay-link\" href=\"https:\/\/www.druni.es\/blog\/estetica-que-definia-el-canon-de-belleza-griego-original\/\"><\/a>\n\t\t<\/div>\n\t\t\n\t\t<div class=\"cs-entry__inner cs-entry__content \">\n\n\t\t\t\n\t\t\t\t<p class=\"cs-entry__title \">\n\t\t\t\t\t<a href=\"https:\/\/www.druni.es\/blog\/estetica-que-definia-el-canon-de-belleza-griego-original\/\">Est\u00e9tica: qu\u00e9 defin\u00eda el canon de belleza griego original<\/a>\n\t\t\t<\/p>\n\t\n\t\t\t\n\t\t\t<div class=\"cs-entry__post-meta\" ><\/div>\n\t\t\t\t\t<\/div>\n\t<\/div>\n<\/article>\n\t\t\t\t<\/div>\n\t\t\t<\/div>\n\n\t\t\t\t\t<\/div>\n\t<\/div>\n\t\n\n\n<div class=\"wp-block-group\"><div class=\"wp-block-group__inner-container is-layout-flow wp-block-group-is-layout-flow\">\n<p id=\"wp-block-themeisle-blocks-advanced-heading-2f0f6003\" class=\"wp-block-themeisle-blocks-advanced-heading wp-block-themeisle-blocks-advanced-heading-2f0f6003 ticss-636c4928 is-style-default\"><strong>Preguntas frecuentes (FAQs)<\/strong><\/p>\n\n\n\n<p id=\"wp-block-themeisle-blocks-advanced-heading-856b5cf6\" class=\"wp-block-themeisle-blocks-advanced-heading wp-block-themeisle-blocks-advanced-heading-856b5cf6 ticss-636c4928 is-style-default\"><strong>\u2193 &nbsp; \u2193 &nbsp; \u2193 &nbsp; \u2193 &nbsp; \u2193<\/strong><\/p>\n<\/div><\/div>\n\n\n<div class=\"wp-block-ub-content-toggle wp-block-ub-content-toggle-block\" id=\"ub-content-toggle-block-0e64add5-010c-4768-a03c-efd6faa16879\" data-mobilecollapse=\"false\" data-desktopcollapse=\"false\" data-preventcollapse=\"false\" data-showonlyone=\"false\">\n<div class=\"wp-block-ub-content-toggle-accordion\" style=\"border-color: #f1f1f1; \" id=\"ub-content-toggle-panel-block-d823dff5-9acc-4613-a508-975044e30352\">\n\t\t\t<div class=\"wp-block-ub-content-toggle-accordion-title-wrap\" style=\"background-color: #f1f1f1;\" aria-controls=\"ub-content-toggle-panel-0-0e64add5-010c-4768-a03c-efd6faa16879\" tabindex=\"0\">\n\t\t\t<p class=\"wp-block-ub-content-toggle-accordion-title ub-content-toggle-title-0e64add5-010c-4768-a03c-efd6faa16879\" style=\"color: #000000; \">\u00bfQu\u00e9 era el canon de belleza griego?<\/p>\n\t\t\t<div class=\"wp-block-ub-content-toggle-accordion-toggle-wrap right\" style=\"color: #000000;\"><span class=\"wp-block-ub-content-toggle-accordion-state-indicator wp-block-ub-chevron-down open\"><\/span><\/div>\n\t\t<\/div>\n\t\t\t<div role=\"region\" aria-expanded=\"true\" class=\"wp-block-ub-content-toggle-accordion-content-wrap\" id=\"ub-content-toggle-panel-0-0e64add5-010c-4768-a03c-efd6faa16879\">\n\n<p>El canon de belleza griego fue un ideal est\u00e9tico desarrollado en la Antigua Grecia seg\u00fan el cual un cuerpo bello deb\u00eda responder a una relaci\u00f3n arm\u00f3nica entre sus partes.<\/p>\n\n<\/div>\n\t\t<\/div>\n\n<div class=\"wp-block-ub-content-toggle-accordion\" style=\"border-color: #f1f1f1; \" id=\"ub-content-toggle-panel-block-edee345a-b608-43ce-a747-e0f554040bfb\">\n\t\t\t<div class=\"wp-block-ub-content-toggle-accordion-title-wrap\" style=\"background-color: #f1f1f1;\" aria-controls=\"ub-content-toggle-panel-1-0e64add5-010c-4768-a03c-efd6faa16879\" tabindex=\"0\">\n\t\t\t<p class=\"wp-block-ub-content-toggle-accordion-title ub-content-toggle-title-0e64add5-010c-4768-a03c-efd6faa16879\" style=\"color: #000000; \">\u00bfCu\u00e1les eran las caracter\u00edsticas del canon de belleza en la Grecia antigua?<\/p>\n\t\t\t<div class=\"wp-block-ub-content-toggle-accordion-toggle-wrap right\" style=\"color: #000000;\"><span class=\"wp-block-ub-content-toggle-accordion-state-indicator wp-block-ub-chevron-down open\"><\/span><\/div>\n\t\t<\/div>\n\t\t\t<div role=\"region\" aria-expanded=\"true\" class=\"wp-block-ub-content-toggle-accordion-content-wrap\" id=\"ub-content-toggle-panel-1-0e64add5-010c-4768-a03c-efd6faa16879\">\n\n<p>La belleza ideal griega se basaba en juventud, cuerpo equilibrado, rostro sereno y ausencia de excesos, buscando una perfecci\u00f3n casi universal.<\/p>\n\n<\/div>\n\t\t<\/div>\n\n<div class=\"wp-block-ub-content-toggle-accordion\" style=\"border-color: #f1f1f1; \" id=\"ub-content-toggle-panel-block-8b154974-aae1-46dd-b791-a3dd1130c3dd\">\n\t\t\t<div class=\"wp-block-ub-content-toggle-accordion-title-wrap\" style=\"background-color: #f1f1f1;\" aria-controls=\"ub-content-toggle-panel-2-0e64add5-010c-4768-a03c-efd6faa16879\" tabindex=\"0\">\n\t\t\t<p class=\"wp-block-ub-content-toggle-accordion-title ub-content-toggle-title-0e64add5-010c-4768-a03c-efd6faa16879\" style=\"color: #000000; \">\u00bfQu\u00e9 diferencias exist\u00edan entre el ideal masculino y femenino en la Grecia antigua?<\/p>\n\t\t\t<div class=\"wp-block-ub-content-toggle-accordion-toggle-wrap right\" style=\"color: #000000;\"><span class=\"wp-block-ub-content-toggle-accordion-state-indicator wp-block-ub-chevron-down open\"><\/span><\/div>\n\t\t<\/div>\n\t\t\t<div role=\"region\" aria-expanded=\"true\" class=\"wp-block-ub-content-toggle-accordion-content-wrap\" id=\"ub-content-toggle-panel-2-0e64add5-010c-4768-a03c-efd6faa16879\">\n\n<p>En la Antigua Grecia, el ideal masculino se asociaba a la excelencia y la virtud, mientras que el femenino se relacionaba con la modestia y el control social.<\/p>\n\n<\/div>\n\t\t<\/div>\n\n<div class=\"wp-block-ub-content-toggle-accordion\" style=\"border-color: #f1f1f1; \" id=\"ub-content-toggle-panel-block-0ae69d97-0ce6-489b-8d93-580dbd2fb9ab\">\n\t\t\t<div class=\"wp-block-ub-content-toggle-accordion-title-wrap\" style=\"background-color: #f1f1f1;\" aria-controls=\"ub-content-toggle-panel-3-0e64add5-010c-4768-a03c-efd6faa16879\" tabindex=\"0\">\n\t\t\t<p class=\"wp-block-ub-content-toggle-accordion-title ub-content-toggle-title-0e64add5-010c-4768-a03c-efd6faa16879\" style=\"color: #000000; \">\u00bfC\u00f3mo influy\u00f3 el canon de belleza griego en la est\u00e9tica occidental?<\/p>\n\t\t\t<div class=\"wp-block-ub-content-toggle-accordion-toggle-wrap right\" style=\"color: #000000;\"><span class=\"wp-block-ub-content-toggle-accordion-state-indicator wp-block-ub-chevron-down open\"><\/span><\/div>\n\t\t<\/div>\n\t\t\t<div role=\"region\" aria-expanded=\"true\" class=\"wp-block-ub-content-toggle-accordion-content-wrap\" id=\"ub-content-toggle-panel-3-0e64add5-010c-4768-a03c-efd6faa16879\">\n\n<p>La huella del ideal griego en la est\u00e9tica occidental es enorme, reapareciendo siglos despu\u00e9s en el Renacimiento y a\u00fan presente en c\u00f3mo se entiende hoy la belleza &#8216;cl\u00e1sica&#8217;.<\/p>\n\n<\/div>\n\t\t<\/div>\n<\/div>\n\n<div class=\"kk-star-ratings kksr-auto kksr-align-left kksr-valign-bottom\"\n    data-payload='{&quot;align&quot;:&quot;left&quot;,&quot;id&quot;:&quot;68311&quot;,&quot;slug&quot;:&quot;default&quot;,&quot;valign&quot;:&quot;bottom&quot;,&quot;ignore&quot;:&quot;&quot;,&quot;reference&quot;:&quot;auto&quot;,&quot;class&quot;:&quot;&quot;,&quot;count&quot;:&quot;0&quot;,&quot;legendonly&quot;:&quot;&quot;,&quot;readonly&quot;:&quot;&quot;,&quot;score&quot;:&quot;0&quot;,&quot;starsonly&quot;:&quot;&quot;,&quot;best&quot;:&quot;5&quot;,&quot;gap&quot;:&quot;5&quot;,&quot;greet&quot;:&quot;Valora este contenido post&quot;,&quot;legend&quot;:&quot;0\\\/5 - (0 votos)&quot;,&quot;size&quot;:&quot;24&quot;,&quot;title&quot;:&quot;Est\u00e9tica: qu\u00e9 defin\u00eda el canon de belleza griego original&quot;,&quot;width&quot;:&quot;0&quot;,&quot;_legend&quot;:&quot;{score}\\\/{best} - ({count} {votes})&quot;,&quot;font_factor&quot;:&quot;1.25&quot;}'>\n            \n<div class=\"kksr-stars\">\n    \n<div class=\"kksr-stars-inactive\">\n            <div class=\"kksr-star\" data-star=\"1\" style=\"padding-right: 5px\">\n            \n\n<div class=\"kksr-icon\" style=\"width: 24px; height: 24px;\"><\/div>\n        <\/div>\n            <div class=\"kksr-star\" data-star=\"2\" style=\"padding-right: 5px\">\n            \n\n<div class=\"kksr-icon\" style=\"width: 24px; height: 24px;\"><\/div>\n        <\/div>\n            <div class=\"kksr-star\" data-star=\"3\" style=\"padding-right: 5px\">\n            \n\n<div class=\"kksr-icon\" style=\"width: 24px; height: 24px;\"><\/div>\n        <\/div>\n            <div class=\"kksr-star\" data-star=\"4\" style=\"padding-right: 5px\">\n            \n\n<div class=\"kksr-icon\" style=\"width: 24px; height: 24px;\"><\/div>\n        <\/div>\n            <div class=\"kksr-star\" data-star=\"5\" style=\"padding-right: 5px\">\n            \n\n<div class=\"kksr-icon\" style=\"width: 24px; height: 24px;\"><\/div>\n        <\/div>\n    <\/div>\n    \n<div class=\"kksr-stars-active\" style=\"width: 0px;\">\n            <div class=\"kksr-star\" style=\"padding-right: 5px\">\n            \n\n<div class=\"kksr-icon\" style=\"width: 24px; height: 24px;\"><\/div>\n        <\/div>\n            <div class=\"kksr-star\" style=\"padding-right: 5px\">\n            \n\n<div class=\"kksr-icon\" style=\"width: 24px; height: 24px;\"><\/div>\n        <\/div>\n            <div class=\"kksr-star\" style=\"padding-right: 5px\">\n            \n\n<div class=\"kksr-icon\" style=\"width: 24px; height: 24px;\"><\/div>\n        <\/div>\n            <div class=\"kksr-star\" style=\"padding-right: 5px\">\n            \n\n<div class=\"kksr-icon\" style=\"width: 24px; height: 24px;\"><\/div>\n        <\/div>\n            <div class=\"kksr-star\" style=\"padding-right: 5px\">\n            \n\n<div class=\"kksr-icon\" style=\"width: 24px; height: 24px;\"><\/div>\n        <\/div>\n    <\/div>\n<\/div>\n                \n\n<div class=\"kksr-legend\" style=\"font-size: 19.2px;\">\n            <span class=\"kksr-muted\">Valora este contenido post<\/span>\n    <\/div>\n    <\/div>\n","protected":false},"excerpt":{"rendered":"Hubo un tiempo en el que la belleza no se med\u00eda por tendencias virales, filtros ni retoques, sino&hellip;\n","protected":false},"author":8,"featured_media":69551,"comment_status":"closed","ping_status":"closed","sticky":false,"template":"","format":"standard","meta":{"_strive_editorial_status":"complete","_strive_copy_of":0,"_themeisle_gutenberg_block_has_review":false,"_strive_checklists":"\"\"","_strive_active_checklist":"","_strive_post_notes":"","footnotes":""},"categories":[15],"tags":[1617],"class_list":{"0":"post-68311","1":"post","2":"type-post","3":"status-publish","4":"format-standard","5":"has-post-thumbnail","7":"category-salud-belleza","8":"tag-canon-de-belleza","9":"cs-entry","10":"cs-video-wrap"},"featured_image_src":"https:\/\/www.druni.es\/blog\/wp-content\/uploads\/2026\/04\/29_Estilo_belleza_griego_PORTADA.jpg","author_info":{"display_name":"redaccion","author_link":"https:\/\/www.druni.es\/blog\/author\/redacc_m\/"},"yoast_head":"<!-- This site is optimized with the Yoast SEO plugin v27.4 - https:\/\/yoast.com\/product\/yoast-seo-wordpress\/ -->\n<title>Est\u00e9tica: qu\u00e9 defin\u00eda el canon de belleza griego original \u2714 | Blog Druni<\/title>\n<meta name=\"description\" content=\"Descubre el fascinante canon de belleza griego: proporci\u00f3n, simetr\u00eda y armon\u00eda como nunca antes imaginaste. Aprende su impacto en la sociedad actual. \ud83c\udfdb\ufe0f\" \/>\n<meta name=\"robots\" content=\"index, follow, max-snippet:-1, max-image-preview:large, max-video-preview:-1\" \/>\n<link rel=\"canonical\" href=\"https:\/\/www.druni.es\/blog\/estetica-que-definia-el-canon-de-belleza-griego-original\/\" \/>\n<meta name=\"twitter:card\" content=\"summary_large_image\" \/>\n<meta name=\"twitter:title\" content=\"Est\u00e9tica: qu\u00e9 defin\u00eda el canon de belleza griego original \u2714 | Blog Druni\" \/>\n<meta name=\"twitter:description\" content=\"Descubre el fascinante canon de belleza griego: proporci\u00f3n, simetr\u00eda y armon\u00eda como nunca antes imaginaste. Aprende su impacto en la sociedad actual. \ud83c\udfdb\ufe0f\" \/>\n<meta name=\"twitter:image\" content=\"https:\/\/www.druni.es\/blog\/wp-content\/uploads\/2026\/04\/29_Estilo_belleza_griego_PORTADA.jpg\" \/>\n<script type=\"application\/ld+json\" class=\"yoast-schema-graph\">{\"@context\":\"https:\\\/\\\/schema.org\",\"@graph\":[{\"@type\":\"Article\",\"@id\":\"https:\\\/\\\/www.druni.es\\\/blog\\\/estetica-que-definia-el-canon-de-belleza-griego-original\\\/#article\",\"isPartOf\":{\"@id\":\"https:\\\/\\\/www.druni.es\\\/blog\\\/estetica-que-definia-el-canon-de-belleza-griego-original\\\/\"},\"author\":{\"name\":\"redaccion\",\"@id\":\"https:\\\/\\\/www.druni.es\\\/blog\\\/#\\\/schema\\\/person\\\/923d03408d2b6a66f40fcb7018d92277\"},\"headline\":\"Est\u00e9tica: qu\u00e9 defin\u00eda el canon de belleza griego original\",\"datePublished\":\"2026-04-29T15:00:00+00:00\",\"mainEntityOfPage\":{\"@id\":\"https:\\\/\\\/www.druni.es\\\/blog\\\/estetica-que-definia-el-canon-de-belleza-griego-original\\\/\"},\"wordCount\":1053,\"image\":{\"@id\":\"https:\\\/\\\/www.druni.es\\\/blog\\\/estetica-que-definia-el-canon-de-belleza-griego-original\\\/#primaryimage\"},\"thumbnailUrl\":\"https:\\\/\\\/www.druni.es\\\/blog\\\/wp-content\\\/uploads\\\/2026\\\/04\\\/29_Estilo_belleza_griego_PORTADA.jpg\",\"keywords\":[\"canon de belleza\"],\"articleSection\":[\"Salud y Belleza\"],\"inLanguage\":\"es\"},{\"@type\":\"WebPage\",\"@id\":\"https:\\\/\\\/www.druni.es\\\/blog\\\/estetica-que-definia-el-canon-de-belleza-griego-original\\\/\",\"url\":\"https:\\\/\\\/www.druni.es\\\/blog\\\/estetica-que-definia-el-canon-de-belleza-griego-original\\\/\",\"name\":\"Est\u00e9tica: qu\u00e9 defin\u00eda el canon de belleza griego original \u2714 | Blog Druni\",\"isPartOf\":{\"@id\":\"https:\\\/\\\/www.druni.es\\\/blog\\\/#website\"},\"primaryImageOfPage\":{\"@id\":\"https:\\\/\\\/www.druni.es\\\/blog\\\/estetica-que-definia-el-canon-de-belleza-griego-original\\\/#primaryimage\"},\"image\":{\"@id\":\"https:\\\/\\\/www.druni.es\\\/blog\\\/estetica-que-definia-el-canon-de-belleza-griego-original\\\/#primaryimage\"},\"thumbnailUrl\":\"https:\\\/\\\/www.druni.es\\\/blog\\\/wp-content\\\/uploads\\\/2026\\\/04\\\/29_Estilo_belleza_griego_PORTADA.jpg\",\"datePublished\":\"2026-04-29T15:00:00+00:00\",\"author\":{\"@id\":\"https:\\\/\\\/www.druni.es\\\/blog\\\/#\\\/schema\\\/person\\\/923d03408d2b6a66f40fcb7018d92277\"},\"description\":\"Descubre el fascinante canon de belleza griego: proporci\u00f3n, simetr\u00eda y armon\u00eda como nunca antes imaginaste. Aprende su impacto en la sociedad actual. \ud83c\udfdb\ufe0f\",\"breadcrumb\":{\"@id\":\"https:\\\/\\\/www.druni.es\\\/blog\\\/estetica-que-definia-el-canon-de-belleza-griego-original\\\/#breadcrumb\"},\"inLanguage\":\"es\",\"potentialAction\":[{\"@type\":\"ReadAction\",\"target\":[\"https:\\\/\\\/www.druni.es\\\/blog\\\/estetica-que-definia-el-canon-de-belleza-griego-original\\\/\"]}]},{\"@type\":\"ImageObject\",\"inLanguage\":\"es\",\"@id\":\"https:\\\/\\\/www.druni.es\\\/blog\\\/estetica-que-definia-el-canon-de-belleza-griego-original\\\/#primaryimage\",\"url\":\"https:\\\/\\\/www.druni.es\\\/blog\\\/wp-content\\\/uploads\\\/2026\\\/04\\\/29_Estilo_belleza_griego_PORTADA.jpg\",\"contentUrl\":\"https:\\\/\\\/www.druni.es\\\/blog\\\/wp-content\\\/uploads\\\/2026\\\/04\\\/29_Estilo_belleza_griego_PORTADA.jpg\",\"width\":1200,\"height\":748},{\"@type\":\"BreadcrumbList\",\"@id\":\"https:\\\/\\\/www.druni.es\\\/blog\\\/estetica-que-definia-el-canon-de-belleza-griego-original\\\/#breadcrumb\",\"itemListElement\":[{\"@type\":\"ListItem\",\"position\":1,\"name\":\"Druni Blog\",\"item\":\"https:\\\/\\\/www.druni.es\\\/blog\\\/\"},{\"@type\":\"ListItem\",\"position\":2,\"name\":\"Salud y Belleza\",\"item\":\"https:\\\/\\\/www.druni.es\\\/blog\\\/salud-belleza\\\/\"},{\"@type\":\"ListItem\",\"position\":3,\"name\":\"Canon De Belleza Griego\"}]},{\"@type\":\"WebSite\",\"@id\":\"https:\\\/\\\/www.druni.es\\\/blog\\\/#website\",\"url\":\"https:\\\/\\\/www.druni.es\\\/blog\\\/\",\"name\":\"Druni Blog\",\"description\":\"Beauty &amp; Health\",\"potentialAction\":[{\"@type\":\"SearchAction\",\"target\":{\"@type\":\"EntryPoint\",\"urlTemplate\":\"https:\\\/\\\/www.druni.es\\\/blog\\\/?s={search_term_string}\"},\"query-input\":{\"@type\":\"PropertyValueSpecification\",\"valueRequired\":true,\"valueName\":\"search_term_string\"}}],\"inLanguage\":\"es\"},{\"@type\":\"Person\",\"@id\":\"https:\\\/\\\/www.druni.es\\\/blog\\\/#\\\/schema\\\/person\\\/923d03408d2b6a66f40fcb7018d92277\",\"name\":\"redaccion\",\"image\":{\"@type\":\"ImageObject\",\"inLanguage\":\"es\",\"@id\":\"https:\\\/\\\/secure.gravatar.com\\\/avatar\\\/347a7e52d746752efa674a4b31a2ec08c580ac5ce47040b9f40bc1c6a0600b8e?s=96&d=mm&r=g\",\"url\":\"https:\\\/\\\/secure.gravatar.com\\\/avatar\\\/347a7e52d746752efa674a4b31a2ec08c580ac5ce47040b9f40bc1c6a0600b8e?s=96&d=mm&r=g\",\"contentUrl\":\"https:\\\/\\\/secure.gravatar.com\\\/avatar\\\/347a7e52d746752efa674a4b31a2ec08c580ac5ce47040b9f40bc1c6a0600b8e?s=96&d=mm&r=g\",\"caption\":\"redaccion\"}}]}<\/script>\n<!-- \/ Yoast SEO plugin. -->","yoast_head_json":{"title":"Est\u00e9tica: qu\u00e9 defin\u00eda el canon de belleza griego original \u2714 | Blog Druni","description":"Descubre el fascinante canon de belleza griego: proporci\u00f3n, simetr\u00eda y armon\u00eda como nunca antes imaginaste. Aprende su impacto en la sociedad actual. \ud83c\udfdb\ufe0f","robots":{"index":"index","follow":"follow","max-snippet":"max-snippet:-1","max-image-preview":"max-image-preview:large","max-video-preview":"max-video-preview:-1"},"canonical":"https:\/\/www.druni.es\/blog\/estetica-que-definia-el-canon-de-belleza-griego-original\/","twitter_card":"summary_large_image","twitter_title":"Est\u00e9tica: qu\u00e9 defin\u00eda el canon de belleza griego original \u2714 | Blog Druni","twitter_description":"Descubre el fascinante canon de belleza griego: proporci\u00f3n, simetr\u00eda y armon\u00eda como nunca antes imaginaste. Aprende su impacto en la sociedad actual. \ud83c\udfdb\ufe0f","twitter_image":"https:\/\/www.druni.es\/blog\/wp-content\/uploads\/2026\/04\/29_Estilo_belleza_griego_PORTADA.jpg","schema":{"@context":"https:\/\/schema.org","@graph":[{"@type":"Article","@id":"https:\/\/www.druni.es\/blog\/estetica-que-definia-el-canon-de-belleza-griego-original\/#article","isPartOf":{"@id":"https:\/\/www.druni.es\/blog\/estetica-que-definia-el-canon-de-belleza-griego-original\/"},"author":{"name":"redaccion","@id":"https:\/\/www.druni.es\/blog\/#\/schema\/person\/923d03408d2b6a66f40fcb7018d92277"},"headline":"Est\u00e9tica: qu\u00e9 defin\u00eda el canon de belleza griego original","datePublished":"2026-04-29T15:00:00+00:00","mainEntityOfPage":{"@id":"https:\/\/www.druni.es\/blog\/estetica-que-definia-el-canon-de-belleza-griego-original\/"},"wordCount":1053,"image":{"@id":"https:\/\/www.druni.es\/blog\/estetica-que-definia-el-canon-de-belleza-griego-original\/#primaryimage"},"thumbnailUrl":"https:\/\/www.druni.es\/blog\/wp-content\/uploads\/2026\/04\/29_Estilo_belleza_griego_PORTADA.jpg","keywords":["canon de belleza"],"articleSection":["Salud y Belleza"],"inLanguage":"es"},{"@type":"WebPage","@id":"https:\/\/www.druni.es\/blog\/estetica-que-definia-el-canon-de-belleza-griego-original\/","url":"https:\/\/www.druni.es\/blog\/estetica-que-definia-el-canon-de-belleza-griego-original\/","name":"Est\u00e9tica: qu\u00e9 defin\u00eda el canon de belleza griego original \u2714 | Blog Druni","isPartOf":{"@id":"https:\/\/www.druni.es\/blog\/#website"},"primaryImageOfPage":{"@id":"https:\/\/www.druni.es\/blog\/estetica-que-definia-el-canon-de-belleza-griego-original\/#primaryimage"},"image":{"@id":"https:\/\/www.druni.es\/blog\/estetica-que-definia-el-canon-de-belleza-griego-original\/#primaryimage"},"thumbnailUrl":"https:\/\/www.druni.es\/blog\/wp-content\/uploads\/2026\/04\/29_Estilo_belleza_griego_PORTADA.jpg","datePublished":"2026-04-29T15:00:00+00:00","author":{"@id":"https:\/\/www.druni.es\/blog\/#\/schema\/person\/923d03408d2b6a66f40fcb7018d92277"},"description":"Descubre el fascinante canon de belleza griego: proporci\u00f3n, simetr\u00eda y armon\u00eda como nunca antes imaginaste. Aprende su impacto en la sociedad actual. \ud83c\udfdb\ufe0f","breadcrumb":{"@id":"https:\/\/www.druni.es\/blog\/estetica-que-definia-el-canon-de-belleza-griego-original\/#breadcrumb"},"inLanguage":"es","potentialAction":[{"@type":"ReadAction","target":["https:\/\/www.druni.es\/blog\/estetica-que-definia-el-canon-de-belleza-griego-original\/"]}]},{"@type":"ImageObject","inLanguage":"es","@id":"https:\/\/www.druni.es\/blog\/estetica-que-definia-el-canon-de-belleza-griego-original\/#primaryimage","url":"https:\/\/www.druni.es\/blog\/wp-content\/uploads\/2026\/04\/29_Estilo_belleza_griego_PORTADA.jpg","contentUrl":"https:\/\/www.druni.es\/blog\/wp-content\/uploads\/2026\/04\/29_Estilo_belleza_griego_PORTADA.jpg","width":1200,"height":748},{"@type":"BreadcrumbList","@id":"https:\/\/www.druni.es\/blog\/estetica-que-definia-el-canon-de-belleza-griego-original\/#breadcrumb","itemListElement":[{"@type":"ListItem","position":1,"name":"Druni Blog","item":"https:\/\/www.druni.es\/blog\/"},{"@type":"ListItem","position":2,"name":"Salud y Belleza","item":"https:\/\/www.druni.es\/blog\/salud-belleza\/"},{"@type":"ListItem","position":3,"name":"Canon De Belleza Griego"}]},{"@type":"WebSite","@id":"https:\/\/www.druni.es\/blog\/#website","url":"https:\/\/www.druni.es\/blog\/","name":"Druni Blog","description":"Beauty &amp; Health","potentialAction":[{"@type":"SearchAction","target":{"@type":"EntryPoint","urlTemplate":"https:\/\/www.druni.es\/blog\/?s={search_term_string}"},"query-input":{"@type":"PropertyValueSpecification","valueRequired":true,"valueName":"search_term_string"}}],"inLanguage":"es"},{"@type":"Person","@id":"https:\/\/www.druni.es\/blog\/#\/schema\/person\/923d03408d2b6a66f40fcb7018d92277","name":"redaccion","image":{"@type":"ImageObject","inLanguage":"es","@id":"https:\/\/secure.gravatar.com\/avatar\/347a7e52d746752efa674a4b31a2ec08c580ac5ce47040b9f40bc1c6a0600b8e?s=96&d=mm&r=g","url":"https:\/\/secure.gravatar.com\/avatar\/347a7e52d746752efa674a4b31a2ec08c580ac5ce47040b9f40bc1c6a0600b8e?s=96&d=mm&r=g","contentUrl":"https:\/\/secure.gravatar.com\/avatar\/347a7e52d746752efa674a4b31a2ec08c580ac5ce47040b9f40bc1c6a0600b8e?s=96&d=mm&r=g","caption":"redaccion"}}]}},"_links":{"self":[{"href":"https:\/\/www.druni.es\/blog\/wp-json\/wp\/v2\/posts\/68311","targetHints":{"allow":["GET"]}}],"collection":[{"href":"https:\/\/www.druni.es\/blog\/wp-json\/wp\/v2\/posts"}],"about":[{"href":"https:\/\/www.druni.es\/blog\/wp-json\/wp\/v2\/types\/post"}],"author":[{"embeddable":true,"href":"https:\/\/www.druni.es\/blog\/wp-json\/wp\/v2\/users\/8"}],"replies":[{"embeddable":true,"href":"https:\/\/www.druni.es\/blog\/wp-json\/wp\/v2\/comments?post=68311"}],"version-history":[{"count":5,"href":"https:\/\/www.druni.es\/blog\/wp-json\/wp\/v2\/posts\/68311\/revisions"}],"predecessor-version":[{"id":69570,"href":"https:\/\/www.druni.es\/blog\/wp-json\/wp\/v2\/posts\/68311\/revisions\/69570"}],"wp:featuredmedia":[{"embeddable":true,"href":"https:\/\/www.druni.es\/blog\/wp-json\/wp\/v2\/media\/69551"}],"wp:attachment":[{"href":"https:\/\/www.druni.es\/blog\/wp-json\/wp\/v2\/media?parent=68311"}],"wp:term":[{"taxonomy":"category","embeddable":true,"href":"https:\/\/www.druni.es\/blog\/wp-json\/wp\/v2\/categories?post=68311"},{"taxonomy":"post_tag","embeddable":true,"href":"https:\/\/www.druni.es\/blog\/wp-json\/wp\/v2\/tags?post=68311"}],"curies":[{"name":"wp","href":"https:\/\/api.w.org\/{rel}","templated":true}]}}