{"id":68314,"date":"2026-05-01T17:00:00","date_gmt":"2026-05-01T15:00:00","guid":{"rendered":"https:\/\/www.druni.es\/blog\/?p=68314"},"modified":"2026-04-30T13:40:38","modified_gmt":"2026-04-30T11:40:38","slug":"todo-sobre-la-redensificacion-facial-beneficios-antiedad","status":"publish","type":"post","link":"https:\/\/www.druni.es\/blog\/todo-sobre-la-redensificacion-facial-beneficios-antiedad\/","title":{"rendered":"Todo sobre la redensificaci\u00f3n facial: beneficios antiedad"},"content":{"rendered":"\n<p class=\"wp-block-paragraph\">La redensificaci\u00f3n facial se ha colado en la conversaci\u00f3n beauty de quienes no buscan cambiar sus rasgos, sino devolverle a la piel ese aspecto m\u00e1s lleno, firme y descansado que con el paso del tiempo se va perdiendo. Porque s\u00ed, no todo en el envejecimiento cut\u00e1neo son arrugas. Tambi\u00e9n hay una p\u00e9rdida progresiva de densidad, elasticidad y sost\u00e9n que hace que el rostro se vea m\u00e1s afinado, menos jugoso y, en general, m\u00e1s cansado. Precisamente ah\u00ed entra en juego este tratamiento, cada vez m\u00e1s nombrado en cl\u00ednicas y consultas de medicina est\u00e9tica.<\/p>\n\n\n\n<p class=\"wp-block-paragraph\">Aunque su nombre pueda sonar t\u00e9cnico, la idea detr\u00e1s de la redensificaci\u00f3n facial es bastante f\u00e1cil de entender. Se trata de ayudar a la piel a recuperar calidad, estructura y grosor sin alterar la expresi\u00f3n. Una opci\u00f3n muy interesante para quienes quieren prevenir o suavizar los signos de la edad desde un enfoque m\u00e1s sutil, natural y progresivo.<\/p>\n\n\n\n<h2 id=\"que-es-la-redensificacion-facial\" class=\"wp-block-heading\">\u00bfQu\u00e9 es la redensificaci\u00f3n facial?<\/h2>\n\n\n\n<figure class=\"wp-block-image size-full\"><img loading=\"lazy\" decoding=\"async\" width=\"868\" height=\"349\" src=\"https:\/\/www.druni.es\/blog\/wp-content\/uploads\/2026\/05\/01_Redensificacion_facial_img03.jpg\" alt=\"\" class=\"wp-image-69631\" srcset=\"https:\/\/www.druni.es\/blog\/wp-content\/uploads\/2026\/05\/01_Redensificacion_facial_img03.jpg 868w, https:\/\/www.druni.es\/blog\/wp-content\/uploads\/2026\/05\/01_Redensificacion_facial_img03-300x121.jpg 300w, https:\/\/www.druni.es\/blog\/wp-content\/uploads\/2026\/05\/01_Redensificacion_facial_img03-768x309.jpg 768w, https:\/\/www.druni.es\/blog\/wp-content\/uploads\/2026\/05\/01_Redensificacion_facial_img03-380x153.jpg 380w, https:\/\/www.druni.es\/blog\/wp-content\/uploads\/2026\/05\/01_Redensificacion_facial_img03-800x322.jpg 800w, https:\/\/www.druni.es\/blog\/wp-content\/uploads\/2026\/05\/01_Redensificacion_facial_img03-760x306.jpg 760w, https:\/\/www.druni.es\/blog\/wp-content\/uploads\/2026\/05\/01_Redensificacion_facial_img03-600x241.jpg 600w\" sizes=\"auto, (max-width: 868px) 100vw, 868px\" \/><\/figure>\n\n\n\n<p>La redensificaci\u00f3n facial es un procedimiento est\u00e9tico orientado a mejorar la calidad de la piel cuando esta empieza a mostrar signos de p\u00e9rdida de densidad. Con el tiempo, el rostro no solo pierde col\u00e1geno, elastina e hidrataci\u00f3n, sino tambi\u00e9n parte de ese relleno natural que le da un aspecto firme y uniforme.<\/p>\n\n\n\n<p>Por eso, cuando hablamos de redensificar, no nos referimos exactamente a rellenar vol\u00famenes de manera visible, sino a trabajar la piel para que recupere una apariencia m\u00e1s compacta, el\u00e1stica y luminosa. Es un concepto muy ligado al rejuvenecimiento global del rostro, especialmente en pieles finas, deshidratadas, apagadas o con flacidez incipiente.<\/p>\n\n\n\n<h2 id=\"para-que-se-utiliza-este-procedimiento\" class=\"wp-block-heading\">\u00bfPara qu\u00e9 se utiliza este procedimiento?<\/h2>\n\n\n\n<figure class=\"wp-block-image size-full\"><img loading=\"lazy\" decoding=\"async\" width=\"868\" height=\"349\" src=\"https:\/\/www.druni.es\/blog\/wp-content\/uploads\/2026\/05\/01_Redensificacion_facial_img01.jpg\" alt=\"\" class=\"wp-image-69629\" srcset=\"https:\/\/www.druni.es\/blog\/wp-content\/uploads\/2026\/05\/01_Redensificacion_facial_img01.jpg 868w, https:\/\/www.druni.es\/blog\/wp-content\/uploads\/2026\/05\/01_Redensificacion_facial_img01-300x121.jpg 300w, https:\/\/www.druni.es\/blog\/wp-content\/uploads\/2026\/05\/01_Redensificacion_facial_img01-768x309.jpg 768w, https:\/\/www.druni.es\/blog\/wp-content\/uploads\/2026\/05\/01_Redensificacion_facial_img01-380x153.jpg 380w, https:\/\/www.druni.es\/blog\/wp-content\/uploads\/2026\/05\/01_Redensificacion_facial_img01-800x322.jpg 800w, https:\/\/www.druni.es\/blog\/wp-content\/uploads\/2026\/05\/01_Redensificacion_facial_img01-760x306.jpg 760w, https:\/\/www.druni.es\/blog\/wp-content\/uploads\/2026\/05\/01_Redensificacion_facial_img01-600x241.jpg 600w\" sizes=\"auto, (max-width: 868px) 100vw, 868px\" \/><\/figure>\n\n\n\n<p>La redensificaci\u00f3n facial se utiliza sobre todo para combatir los signos del envejecimiento cut\u00e1neo que no siempre se resuelven solo con cosm\u00e9tica. Es decir, cuando la piel empieza a verse m\u00e1s fr\u00e1gil, menos tersa, con arruguitas finas o con una textura m\u00e1s irregular.<\/p>\n\n\n\n<p>Tambi\u00e9n suele plantearse como una forma de prevenir el deterioro progresivo de la piel, especialmente a partir de cierta edad o en momentos en los que el rostro acusa m\u00e1s el estr\u00e9s, la falta de descanso, la exposici\u00f3n solar o los cambios hormonales. El objetivo no es transformar la cara, sino mejorar su calidad general y devolverle un aspecto m\u00e1s fresco.<\/p>\n\n\n\n<h2 id=\"ventajas-de-redensificar-la-piel\" class=\"wp-block-heading\">Ventajas de redensificar la piel<\/h2>\n\n\n\n<figure class=\"wp-block-image size-full\"><img loading=\"lazy\" decoding=\"async\" width=\"868\" height=\"349\" src=\"https:\/\/www.druni.es\/blog\/wp-content\/uploads\/2026\/05\/01_Redensificacion_facial_img04.jpg\" alt=\"\" class=\"wp-image-69637\" srcset=\"https:\/\/www.druni.es\/blog\/wp-content\/uploads\/2026\/05\/01_Redensificacion_facial_img04.jpg 868w, https:\/\/www.druni.es\/blog\/wp-content\/uploads\/2026\/05\/01_Redensificacion_facial_img04-300x121.jpg 300w, https:\/\/www.druni.es\/blog\/wp-content\/uploads\/2026\/05\/01_Redensificacion_facial_img04-768x309.jpg 768w, https:\/\/www.druni.es\/blog\/wp-content\/uploads\/2026\/05\/01_Redensificacion_facial_img04-380x153.jpg 380w, https:\/\/www.druni.es\/blog\/wp-content\/uploads\/2026\/05\/01_Redensificacion_facial_img04-800x322.jpg 800w, https:\/\/www.druni.es\/blog\/wp-content\/uploads\/2026\/05\/01_Redensificacion_facial_img04-760x306.jpg 760w, https:\/\/www.druni.es\/blog\/wp-content\/uploads\/2026\/05\/01_Redensificacion_facial_img04-600x241.jpg 600w\" sizes=\"auto, (max-width: 868px) 100vw, 868px\" \/><\/figure>\n\n\n\n<p>Uno de los grandes atractivos de la redensificaci\u00f3n facial es que ofrece un resultado natural. La cara no cambia, pero la piel se ve mejor. M\u00e1s jugosa, m\u00e1s uniforme, m\u00e1s firme y con ese efecto de buena cara que muchas veces es justo lo que se busca.<\/p>\n\n\n\n<p>Otra de sus ventajas es que puede ayudar a mejorar varios frentes a la vez: hidrataci\u00f3n, elasticidad, textura, luminosidad e incluso la apariencia de las l\u00edneas finas. Adem\u00e1s, suele encajar muy bien en planes de rejuvenecimiento progresivo, porque no persigue un cambio dr\u00e1stico, sino una mejor\u00eda paulatina y bastante elegante.<\/p>\n\n\n\n<h2 id=\"como-se-realiza-la-redensificacion-facial\" class=\"wp-block-heading\">\u00bfC\u00f3mo se realiza la redensificaci\u00f3n facial?<\/h2>\n\n\n\n<figure class=\"wp-block-image size-full\"><img loading=\"lazy\" decoding=\"async\" width=\"868\" height=\"349\" src=\"https:\/\/www.druni.es\/blog\/wp-content\/uploads\/2026\/05\/01_Redensificacion_facial_img02.jpg\" alt=\"\" class=\"wp-image-69630\" srcset=\"https:\/\/www.druni.es\/blog\/wp-content\/uploads\/2026\/05\/01_Redensificacion_facial_img02.jpg 868w, https:\/\/www.druni.es\/blog\/wp-content\/uploads\/2026\/05\/01_Redensificacion_facial_img02-300x121.jpg 300w, https:\/\/www.druni.es\/blog\/wp-content\/uploads\/2026\/05\/01_Redensificacion_facial_img02-768x309.jpg 768w, https:\/\/www.druni.es\/blog\/wp-content\/uploads\/2026\/05\/01_Redensificacion_facial_img02-380x153.jpg 380w, https:\/\/www.druni.es\/blog\/wp-content\/uploads\/2026\/05\/01_Redensificacion_facial_img02-800x322.jpg 800w, https:\/\/www.druni.es\/blog\/wp-content\/uploads\/2026\/05\/01_Redensificacion_facial_img02-760x306.jpg 760w, https:\/\/www.druni.es\/blog\/wp-content\/uploads\/2026\/05\/01_Redensificacion_facial_img02-600x241.jpg 600w\" sizes=\"auto, (max-width: 868px) 100vw, 868px\" \/><\/figure>\n\n\n\n<p>La forma de realizar una redensificaci\u00f3n facial puede variar en funci\u00f3n de la t\u00e9cnica elegida y de las necesidades de cada piel. En consulta, lo habitual es que el profesional valore el grado de p\u00e9rdida de densidad, el estado general del rostro y el resultado que se quiere conseguir.<\/p>\n\n\n\n<p>A partir de ah\u00ed, puede recurrirse a procedimientos que estimulan la piel desde dentro o que mejoran su soporte y calidad. La sesi\u00f3n suele realizarse en cl\u00ednica, de manera ambulatoria, y el protocolo exacto depender\u00e1 del diagn\u00f3stico previo. Por eso es importante insistir en que no existe una \u00fanica redensificaci\u00f3n facial, sino distintos abordajes con una misma meta: mejorar la estructura cut\u00e1nea.<\/p>\n\n\n\n<h2 id=\"para-quien-esta-indicada-la-redensificacion-cutanea\" class=\"wp-block-heading\">\u00bfPara qui\u00e9n est\u00e1 indicada la redensificaci\u00f3n cut\u00e1nea?<\/h2>\n\n\n\n<figure class=\"wp-block-image size-full\"><img loading=\"lazy\" decoding=\"async\" width=\"868\" height=\"349\" src=\"https:\/\/www.druni.es\/blog\/wp-content\/uploads\/2026\/05\/01_Redensificacion_facial_img05.jpg\" alt=\"\" class=\"wp-image-69638\" srcset=\"https:\/\/www.druni.es\/blog\/wp-content\/uploads\/2026\/05\/01_Redensificacion_facial_img05.jpg 868w, https:\/\/www.druni.es\/blog\/wp-content\/uploads\/2026\/05\/01_Redensificacion_facial_img05-300x121.jpg 300w, https:\/\/www.druni.es\/blog\/wp-content\/uploads\/2026\/05\/01_Redensificacion_facial_img05-768x309.jpg 768w, https:\/\/www.druni.es\/blog\/wp-content\/uploads\/2026\/05\/01_Redensificacion_facial_img05-380x153.jpg 380w, https:\/\/www.druni.es\/blog\/wp-content\/uploads\/2026\/05\/01_Redensificacion_facial_img05-800x322.jpg 800w, https:\/\/www.druni.es\/blog\/wp-content\/uploads\/2026\/05\/01_Redensificacion_facial_img05-760x306.jpg 760w, https:\/\/www.druni.es\/blog\/wp-content\/uploads\/2026\/05\/01_Redensificacion_facial_img05-600x241.jpg 600w\" sizes=\"auto, (max-width: 868px) 100vw, 868px\" \/><\/figure>\n\n\n\n<p>La redensificaci\u00f3n cut\u00e1nea suele estar indicada para personas que notan la piel m\u00e1s fina, apagada, deshidratada o menos firme, y que quieren tratar esos cambios sin recurrir necesariamente a t\u00e9cnicas que modifiquen vol\u00famenes de forma evidente.<\/p>\n\n\n\n<p>Tambi\u00e9n puede ser interesante para quienes buscan prevenir el envejecimiento desde una estrategia m\u00e1s global o para quienes sienten que su rutina cosm\u00e9tica se queda corta. No hay una edad \u00fanica para plante\u00e1rsela, porque todo depende del estado de la piel, pero suele cobrar especial sentido cuando comienzan a apreciarse p\u00e9rdida de tersura y signos de cansancio persistentes.<\/p>\n\n\n\n<h2 id=\"resultados-de-la-redensificacion-facial\" class=\"wp-block-heading\">Resultados de la redensificaci\u00f3n facial<\/h2>\n\n\n\n<p>Los resultados de la redensificaci\u00f3n facial suelen traducirse en una piel con mejor aspecto general. El rostro se percibe m\u00e1s fresco, m\u00e1s uniforme y con una textura m\u00e1s cuidada. No es tanto un antes y despu\u00e9s exagerado como una versi\u00f3n m\u00e1s descansada y luminosa de una misma.<\/p>\n\n\n\n<p>En muchos casos, la mejor\u00eda se aprecia de forma progresiva, lo que hace que el efecto resulte todav\u00eda m\u00e1s natural. La piel gana calidad y eso se nota en c\u00f3mo refleja la luz, en c\u00f3mo se ve el maquillaje e incluso en c\u00f3mo aguanta mejor el paso de las semanas.<\/p>\n\n\n\n<h2 id=\"cuidados-tras-la-sesion\" class=\"wp-block-heading\">Cuidados tras la sesi\u00f3n<\/h2>\n\n\n\n<figure class=\"wp-block-image size-full\"><img loading=\"lazy\" decoding=\"async\" width=\"868\" height=\"349\" src=\"https:\/\/www.druni.es\/blog\/wp-content\/uploads\/2026\/05\/01_Redensificacion_facial_img06.jpg\" alt=\"\" class=\"wp-image-69639\" srcset=\"https:\/\/www.druni.es\/blog\/wp-content\/uploads\/2026\/05\/01_Redensificacion_facial_img06.jpg 868w, https:\/\/www.druni.es\/blog\/wp-content\/uploads\/2026\/05\/01_Redensificacion_facial_img06-300x121.jpg 300w, https:\/\/www.druni.es\/blog\/wp-content\/uploads\/2026\/05\/01_Redensificacion_facial_img06-768x309.jpg 768w, https:\/\/www.druni.es\/blog\/wp-content\/uploads\/2026\/05\/01_Redensificacion_facial_img06-380x153.jpg 380w, https:\/\/www.druni.es\/blog\/wp-content\/uploads\/2026\/05\/01_Redensificacion_facial_img06-800x322.jpg 800w, https:\/\/www.druni.es\/blog\/wp-content\/uploads\/2026\/05\/01_Redensificacion_facial_img06-760x306.jpg 760w, https:\/\/www.druni.es\/blog\/wp-content\/uploads\/2026\/05\/01_Redensificacion_facial_img06-600x241.jpg 600w\" sizes=\"auto, (max-width: 868px) 100vw, 868px\" \/><\/figure>\n\n\n\n<p>Despu\u00e9s de una sesi\u00f3n, lo m\u00e1s habitual es seguir las indicaciones del profesional y cuidar la piel con especial mimo durante los d\u00edas posteriores. Normalmente conviene evitar la exposici\u00f3n solar intensa, utilizar fotoprotecci\u00f3n alta y mantener una rutina suave, sin activos irritantes si as\u00ed se recomienda.<\/p>\n\n\n\n<p>Tambi\u00e9n es importante no improvisar con productos o tratamientos a\u00f1adidos justo despu\u00e9s. La piel necesita recuperarse bien y responder al procedimiento en calma. Un buen cuidado posterior influye mucho en c\u00f3mo evoluciona el resultado.<\/p>\n\n\n\n<h2 id=\"se-puede-emplear-combinado-con-otros-tratamientos\" class=\"wp-block-heading\">\u00bfSe puede emplear combinado con otros tratamientos?<\/h2>\n\n\n\n<figure class=\"wp-block-image size-full\"><img loading=\"lazy\" decoding=\"async\" width=\"868\" height=\"349\" src=\"https:\/\/www.druni.es\/blog\/wp-content\/uploads\/2026\/05\/01_Redensificacion_facial_img07.jpg\" alt=\"\" class=\"wp-image-69640\" srcset=\"https:\/\/www.druni.es\/blog\/wp-content\/uploads\/2026\/05\/01_Redensificacion_facial_img07.jpg 868w, https:\/\/www.druni.es\/blog\/wp-content\/uploads\/2026\/05\/01_Redensificacion_facial_img07-300x121.jpg 300w, https:\/\/www.druni.es\/blog\/wp-content\/uploads\/2026\/05\/01_Redensificacion_facial_img07-768x309.jpg 768w, https:\/\/www.druni.es\/blog\/wp-content\/uploads\/2026\/05\/01_Redensificacion_facial_img07-380x153.jpg 380w, https:\/\/www.druni.es\/blog\/wp-content\/uploads\/2026\/05\/01_Redensificacion_facial_img07-800x322.jpg 800w, https:\/\/www.druni.es\/blog\/wp-content\/uploads\/2026\/05\/01_Redensificacion_facial_img07-760x306.jpg 760w, https:\/\/www.druni.es\/blog\/wp-content\/uploads\/2026\/05\/01_Redensificacion_facial_img07-600x241.jpg 600w\" sizes=\"auto, (max-width: 868px) 100vw, 868px\" \/><\/figure>\n\n\n\n<p class=\"wp-block-paragraph\">S\u00ed, la redensificaci\u00f3n facial puede emplearse combinada con otros tratamientos, siempre que exista una valoraci\u00f3n previa y un plan bien dise\u00f1ado. De hecho, muchas veces forma parte de un enfoque m\u00e1s completo de rejuvenecimiento, porque trabaja la calidad de la piel y puede complementar otras t\u00e9cnicas orientadas a tratar manchas, flacidez, arrugas o falta de luminosidad.<\/p>\n\n\n\n<p class=\"wp-block-paragraph\">La clave est\u00e1 en no mezclar por mezclar. En medicina est\u00e9tica, igual que en cosm\u00e9tica, m\u00e1s no siempre es mejor. Lo importante es entender qu\u00e9 necesita la piel en cada momento y construir una estrategia coherente, personalizada y realista. Porque cuando el objetivo es envejecer bien, el mejor resultado no es parecer otra persona, sino seguir vi\u00e9ndote t\u00fa, solo que con mejor cara.<\/p>\n\n\n\n<div class=\"wp-block-group\"><div class=\"wp-block-group__inner-container is-layout-flow wp-block-group-is-layout-flow\">\n<p id=\"wp-block-themeisle-blocks-advanced-heading-9d985381\" class=\"wp-block-themeisle-blocks-advanced-heading wp-block-themeisle-blocks-advanced-heading-9d985381 ticss-636c4928 is-style-default\"><strong>M\u00e1s art\u00edculos relacionados<\/strong><\/p>\n\n\n\n<p id=\"wp-block-themeisle-blocks-advanced-heading-34a7f84a\" class=\"wp-block-themeisle-blocks-advanced-heading wp-block-themeisle-blocks-advanced-heading-34a7f84a ticss-636c4928 is-style-default\"><strong>\u2193 &nbsp; \u2193 &nbsp; \u2193 &nbsp; \u2193 &nbsp; \u2193<\/strong><\/p>\n<\/div><\/div>\n\n\n\t<div class=\"cnvs-block-posts cnvs-block-posts-1664534996535 cnvs-block-posts-layout-standard-type-2\" data-layout=\"standard-type-2\" data-min-height=\"\">\n\t\t<div class=\"cs-posts-area\" data-posts-area=\"\">\n\t\t\t<div class=\"cs-posts-area__outer\">\n\t\t\t\t<div class=\"cs-posts-area__main cs-block-posts-layout-standard-type-2\">\n\t\t\t\t\t<article class=\"post-68314 post type-post status-publish format-standard has-post-thumbnail category-cuidado-facial category-salud-belleza category-cosmetica tag-antiarrugas cs-entry cs-video-wrap\">\n\t<div class=\"cs-entry__outercs-entry__outer\">\n\t\t\t\t<div class=\"cs-entry__inner cs-entry__thumbnail cs-entry__overlay  cs-entry__setting-format cs-overlay-ratio cs-ratio-portrait\">\n\t\t\t<div class=\"cs-overlay-background cs-overlay-transparent\">\n\t\t\t\t<img loading=\"lazy\" decoding=\"async\" width=\"768\" height=\"479\" src=\"https:\/\/www.druni.es\/blog\/wp-content\/uploads\/2026\/05\/01_Redensificacion_facial_PORTADA-768x479.jpg\" class=\"attachment-medium_large size-medium_large wp-post-image\" alt=\"\" srcset=\"https:\/\/www.druni.es\/blog\/wp-content\/uploads\/2026\/05\/01_Redensificacion_facial_PORTADA-768x479.jpg 768w, https:\/\/www.druni.es\/blog\/wp-content\/uploads\/2026\/05\/01_Redensificacion_facial_PORTADA-300x187.jpg 300w, https:\/\/www.druni.es\/blog\/wp-content\/uploads\/2026\/05\/01_Redensificacion_facial_PORTADA-1024x638.jpg 1024w, https:\/\/www.druni.es\/blog\/wp-content\/uploads\/2026\/05\/01_Redensificacion_facial_PORTADA-380x237.jpg 380w, https:\/\/www.druni.es\/blog\/wp-content\/uploads\/2026\/05\/01_Redensificacion_facial_PORTADA-800x499.jpg 800w, https:\/\/www.druni.es\/blog\/wp-content\/uploads\/2026\/05\/01_Redensificacion_facial_PORTADA-1160x723.jpg 1160w, https:\/\/www.druni.es\/blog\/wp-content\/uploads\/2026\/05\/01_Redensificacion_facial_PORTADA-760x474.jpg 760w, https:\/\/www.druni.es\/blog\/wp-content\/uploads\/2026\/05\/01_Redensificacion_facial_PORTADA-600x374.jpg 600w, https:\/\/www.druni.es\/blog\/wp-content\/uploads\/2026\/05\/01_Redensificacion_facial_PORTADA.jpg 1200w\" sizes=\"auto, (max-width: 768px) 100vw, 768px\" \/>\t\t\t<\/div>\n\n\t\t\t\n\t\t\t\n\t\t\t\n\t\t\t<a class=\"cs-overlay-link\" href=\"https:\/\/www.druni.es\/blog\/todo-sobre-la-redensificacion-facial-beneficios-antiedad\/\"><\/a>\n\t\t<\/div>\n\t\t\n\t\t<div class=\"cs-entry__inner cs-entry__content \">\n\n\t\t\t\n\t\t\t\t<p class=\"cs-entry__title \">\n\t\t\t\t\t<a href=\"https:\/\/www.druni.es\/blog\/todo-sobre-la-redensificacion-facial-beneficios-antiedad\/\">Todo sobre la redensificaci\u00f3n facial: beneficios antiedad<\/a>\n\t\t\t<\/p>\n\t\n\t\t\t\n\t\t\t<div class=\"cs-entry__post-meta\" ><\/div>\n\t\t\t\t\t<\/div>\n\t<\/div>\n<\/article>\n<article class=\"post-64369 post type-post status-publish format-standard has-post-thumbnail category-cuidado-facial category-salud-belleza category-cosmetica tag-antiarrugas cs-entry cs-video-wrap\">\n\t<div class=\"cs-entry__outercs-entry__outer\">\n\t\t\t\t<div class=\"cs-entry__inner cs-entry__thumbnail cs-entry__overlay  cs-entry__setting-format cs-overlay-ratio cs-ratio-portrait\">\n\t\t\t<div class=\"cs-overlay-background cs-overlay-transparent\">\n\t\t\t\t<img loading=\"lazy\" decoding=\"async\" width=\"768\" height=\"479\" src=\"https:\/\/www.druni.es\/blog\/wp-content\/uploads\/2026\/02\/09_El_futuro_antiaging_PORTADA-768x479.jpg\" class=\"attachment-medium_large size-medium_large wp-post-image\" alt=\"\" srcset=\"https:\/\/www.druni.es\/blog\/wp-content\/uploads\/2026\/02\/09_El_futuro_antiaging_PORTADA-768x479.jpg 768w, https:\/\/www.druni.es\/blog\/wp-content\/uploads\/2026\/02\/09_El_futuro_antiaging_PORTADA-300x187.jpg 300w, https:\/\/www.druni.es\/blog\/wp-content\/uploads\/2026\/02\/09_El_futuro_antiaging_PORTADA-1024x638.jpg 1024w, https:\/\/www.druni.es\/blog\/wp-content\/uploads\/2026\/02\/09_El_futuro_antiaging_PORTADA-380x237.jpg 380w, https:\/\/www.druni.es\/blog\/wp-content\/uploads\/2026\/02\/09_El_futuro_antiaging_PORTADA-800x499.jpg 800w, https:\/\/www.druni.es\/blog\/wp-content\/uploads\/2026\/02\/09_El_futuro_antiaging_PORTADA-1160x723.jpg 1160w, https:\/\/www.druni.es\/blog\/wp-content\/uploads\/2026\/02\/09_El_futuro_antiaging_PORTADA-760x474.jpg 760w, https:\/\/www.druni.es\/blog\/wp-content\/uploads\/2026\/02\/09_El_futuro_antiaging_PORTADA-600x374.jpg 600w, https:\/\/www.druni.es\/blog\/wp-content\/uploads\/2026\/02\/09_El_futuro_antiaging_PORTADA.jpg 1200w\" sizes=\"auto, (max-width: 768px) 100vw, 768px\" \/>\t\t\t<\/div>\n\n\t\t\t\n\t\t\t\n\t\t\t\n\t\t\t<a class=\"cs-overlay-link\" href=\"https:\/\/www.druni.es\/blog\/el-futuro-antiaging-exosomas-la-alta-tecnologia-que-te-renueva-la-piel\/\"><\/a>\n\t\t<\/div>\n\t\t\n\t\t<div class=\"cs-entry__inner cs-entry__content \">\n\n\t\t\t\n\t\t\t\t<p class=\"cs-entry__title \">\n\t\t\t\t\t<a href=\"https:\/\/www.druni.es\/blog\/el-futuro-antiaging-exosomas-la-alta-tecnologia-que-te-renueva-la-piel\/\">El Futuro Antiaging: Exosomas, la alta tecnolog\u00eda que te renueva la piel<\/a>\n\t\t\t<\/p>\n\t\n\t\t\t\n\t\t\t<div class=\"cs-entry__post-meta\" ><\/div>\n\t\t\t\t\t<\/div>\n\t<\/div>\n<\/article>\n<article class=\"post-57951 post type-post status-publish format-standard has-post-thumbnail category-salud-belleza category-cosmetica tag-antiarrugas tag-coreana cs-entry cs-video-wrap\">\n\t<div class=\"cs-entry__outercs-entry__outer\">\n\t\t\t\t<div class=\"cs-entry__inner cs-entry__thumbnail cs-entry__overlay  cs-entry__setting-format cs-overlay-ratio cs-ratio-portrait\">\n\t\t\t<div class=\"cs-overlay-background cs-overlay-transparent\">\n\t\t\t\t<img loading=\"lazy\" decoding=\"async\" width=\"768\" height=\"378\" src=\"https:\/\/www.druni.es\/blog\/wp-content\/uploads\/2025\/10\/01_Antiedad_coreano_POTRTADA-768x378.jpg\" class=\"attachment-medium_large size-medium_large wp-post-image\" alt=\"\" srcset=\"https:\/\/www.druni.es\/blog\/wp-content\/uploads\/2025\/10\/01_Antiedad_coreano_POTRTADA-768x378.jpg 768w, https:\/\/www.druni.es\/blog\/wp-content\/uploads\/2025\/10\/01_Antiedad_coreano_POTRTADA-300x148.jpg 300w, https:\/\/www.druni.es\/blog\/wp-content\/uploads\/2025\/10\/01_Antiedad_coreano_POTRTADA-1024x503.jpg 1024w, https:\/\/www.druni.es\/blog\/wp-content\/uploads\/2025\/10\/01_Antiedad_coreano_POTRTADA-380x187.jpg 380w, https:\/\/www.druni.es\/blog\/wp-content\/uploads\/2025\/10\/01_Antiedad_coreano_POTRTADA-800x393.jpg 800w, https:\/\/www.druni.es\/blog\/wp-content\/uploads\/2025\/10\/01_Antiedad_coreano_POTRTADA-1160x570.jpg 1160w, https:\/\/www.druni.es\/blog\/wp-content\/uploads\/2025\/10\/01_Antiedad_coreano_POTRTADA-760x374.jpg 760w, https:\/\/www.druni.es\/blog\/wp-content\/uploads\/2025\/10\/01_Antiedad_coreano_POTRTADA-600x295.jpg 600w, https:\/\/www.druni.es\/blog\/wp-content\/uploads\/2025\/10\/01_Antiedad_coreano_POTRTADA.jpg 1200w\" sizes=\"auto, (max-width: 768px) 100vw, 768px\" \/>\t\t\t<\/div>\n\n\t\t\t\n\t\t\t\n\t\t\t\n\t\t\t<a class=\"cs-overlay-link\" href=\"https:\/\/www.druni.es\/blog\/antiedad-coreano-cremas-con-ginseng-y-fermentos-que-transforman-la-piel\/\"><\/a>\n\t\t<\/div>\n\t\t\n\t\t<div class=\"cs-entry__inner cs-entry__content \">\n\n\t\t\t\n\t\t\t\t<p class=\"cs-entry__title \">\n\t\t\t\t\t<a href=\"https:\/\/www.druni.es\/blog\/antiedad-coreano-cremas-con-ginseng-y-fermentos-que-transforman-la-piel\/\">Antiedad coreano: cremas con ginseng y fermentos que transforman la piel<\/a>\n\t\t\t<\/p>\n\t\n\t\t\t\n\t\t\t<div class=\"cs-entry__post-meta\" ><\/div>\n\t\t\t\t\t<\/div>\n\t<\/div>\n<\/article>\n<article class=\"post-51016 post type-post status-publish format-standard has-post-thumbnail category-cuidado-facial category-salud-belleza category-cosmetica tag-antiarrugas tag-botox tag-serums cs-entry cs-video-wrap\">\n\t<div class=\"cs-entry__outercs-entry__outer\">\n\t\t\t\t<div class=\"cs-entry__inner cs-entry__thumbnail cs-entry__overlay  cs-entry__setting-format cs-overlay-ratio cs-ratio-portrait\">\n\t\t\t<div class=\"cs-overlay-background cs-overlay-transparent\">\n\t\t\t\t<img loading=\"lazy\" decoding=\"async\" width=\"768\" height=\"378\" src=\"https:\/\/www.druni.es\/blog\/wp-content\/uploads\/2025\/04\/serum-antiarrugas-botox_PORTADA-768x378.jpg\" class=\"attachment-medium_large size-medium_large wp-post-image\" alt=\"\" srcset=\"https:\/\/www.druni.es\/blog\/wp-content\/uploads\/2025\/04\/serum-antiarrugas-botox_PORTADA-768x378.jpg 768w, https:\/\/www.druni.es\/blog\/wp-content\/uploads\/2025\/04\/serum-antiarrugas-botox_PORTADA-300x148.jpg 300w, https:\/\/www.druni.es\/blog\/wp-content\/uploads\/2025\/04\/serum-antiarrugas-botox_PORTADA-1024x503.jpg 1024w, https:\/\/www.druni.es\/blog\/wp-content\/uploads\/2025\/04\/serum-antiarrugas-botox_PORTADA-380x187.jpg 380w, https:\/\/www.druni.es\/blog\/wp-content\/uploads\/2025\/04\/serum-antiarrugas-botox_PORTADA-800x393.jpg 800w, https:\/\/www.druni.es\/blog\/wp-content\/uploads\/2025\/04\/serum-antiarrugas-botox_PORTADA-1160x570.jpg 1160w, https:\/\/www.druni.es\/blog\/wp-content\/uploads\/2025\/04\/serum-antiarrugas-botox_PORTADA-760x374.jpg 760w, https:\/\/www.druni.es\/blog\/wp-content\/uploads\/2025\/04\/serum-antiarrugas-botox_PORTADA-600x295.jpg 600w, https:\/\/www.druni.es\/blog\/wp-content\/uploads\/2025\/04\/serum-antiarrugas-botox_PORTADA.jpg 1200w\" sizes=\"auto, (max-width: 768px) 100vw, 768px\" \/>\t\t\t<\/div>\n\n\t\t\t\n\t\t\t\n\t\t\t\n\t\t\t<a class=\"cs-overlay-link\" href=\"https:\/\/www.druni.es\/blog\/serum-antiarrugas-vs-botox-cual-es-la-mejor-opcion-para-ti\/\"><\/a>\n\t\t<\/div>\n\t\t\n\t\t<div class=\"cs-entry__inner cs-entry__content \">\n\n\t\t\t\n\t\t\t\t<p class=\"cs-entry__title \">\n\t\t\t\t\t<a href=\"https:\/\/www.druni.es\/blog\/serum-antiarrugas-vs-botox-cual-es-la-mejor-opcion-para-ti\/\">S\u00e9rum antiarrugas vs b\u00f3tox: cu\u00e1l es la mejor opci\u00f3n para ti<\/a>\n\t\t\t<\/p>\n\t\n\t\t\t\n\t\t\t<div class=\"cs-entry__post-meta\" ><\/div>\n\t\t\t\t\t<\/div>\n\t<\/div>\n<\/article>\n<article class=\"post-45008 post type-post status-publish format-standard has-post-thumbnail category-comparativas category-cuidado-facial category-mejores-cremas category-salud-belleza category-cosmetica tag-40-anos tag-antiarrugas tag-arrugas cs-entry cs-video-wrap\">\n\t<div class=\"cs-entry__outercs-entry__outer\">\n\t\t\t\t<div class=\"cs-entry__inner cs-entry__thumbnail cs-entry__overlay  cs-entry__setting-format cs-overlay-ratio cs-ratio-portrait\">\n\t\t\t<div class=\"cs-overlay-background cs-overlay-transparent\">\n\t\t\t\t<img loading=\"lazy\" decoding=\"async\" width=\"768\" height=\"378\" src=\"https:\/\/www.druni.es\/blog\/wp-content\/uploads\/2024\/09\/Mejores-cremas-antiarrugas-mujeres-40-anos_PORTADA_280924-2-768x378.jpg\" class=\"attachment-medium_large size-medium_large wp-post-image\" alt=\"\" srcset=\"https:\/\/www.druni.es\/blog\/wp-content\/uploads\/2024\/09\/Mejores-cremas-antiarrugas-mujeres-40-anos_PORTADA_280924-2-768x378.jpg 768w, https:\/\/www.druni.es\/blog\/wp-content\/uploads\/2024\/09\/Mejores-cremas-antiarrugas-mujeres-40-anos_PORTADA_280924-2-300x148.jpg 300w, https:\/\/www.druni.es\/blog\/wp-content\/uploads\/2024\/09\/Mejores-cremas-antiarrugas-mujeres-40-anos_PORTADA_280924-2-380x187.jpg 380w, https:\/\/www.druni.es\/blog\/wp-content\/uploads\/2024\/09\/Mejores-cremas-antiarrugas-mujeres-40-anos_PORTADA_280924-2-800x394.jpg 800w, https:\/\/www.druni.es\/blog\/wp-content\/uploads\/2024\/09\/Mejores-cremas-antiarrugas-mujeres-40-anos_PORTADA_280924-2-760x374.jpg 760w, https:\/\/www.druni.es\/blog\/wp-content\/uploads\/2024\/09\/Mejores-cremas-antiarrugas-mujeres-40-anos_PORTADA_280924-2-600x295.jpg 600w, https:\/\/www.druni.es\/blog\/wp-content\/uploads\/2024\/09\/Mejores-cremas-antiarrugas-mujeres-40-anos_PORTADA_280924-2.jpg 868w\" sizes=\"auto, (max-width: 768px) 100vw, 768px\" \/>\t\t\t<\/div>\n\n\t\t\t\n\t\t\t\n\t\t\t\n\t\t\t<a class=\"cs-overlay-link\" href=\"https:\/\/www.druni.es\/blog\/mejor-crema-antiarrugas-para-mujeres-de-40-anos\/\"><\/a>\n\t\t<\/div>\n\t\t\n\t\t<div class=\"cs-entry__inner cs-entry__content \">\n\n\t\t\t\n\t\t\t\t<p class=\"cs-entry__title \">\n\t\t\t\t\t<a href=\"https:\/\/www.druni.es\/blog\/mejor-crema-antiarrugas-para-mujeres-de-40-anos\/\">\u00bfSabes cual es la mejor crema antiarrugas para mujeres de 40 a\u00f1os?<\/a>\n\t\t\t<\/p>\n\t\n\t\t\t\n\t\t\t<div class=\"cs-entry__post-meta\" ><\/div>\n\t\t\t\t\t<\/div>\n\t<\/div>\n<\/article>\n<article class=\"post-45015 post type-post status-publish format-standard has-post-thumbnail category-comparativas category-cuidado-facial category-mejores-cremas category-salud-belleza category-cosmetica tag-50-anos tag-antiarrugas tag-arrugas cs-entry cs-video-wrap\">\n\t<div class=\"cs-entry__outercs-entry__outer\">\n\t\t\t\t<div class=\"cs-entry__inner cs-entry__thumbnail cs-entry__overlay  cs-entry__setting-format cs-overlay-ratio cs-ratio-portrait\">\n\t\t\t<div class=\"cs-overlay-background cs-overlay-transparent\">\n\t\t\t\t<img loading=\"lazy\" decoding=\"async\" width=\"768\" height=\"378\" src=\"https:\/\/www.druni.es\/blog\/wp-content\/uploads\/2024\/09\/Mejores-cremas-antiedad-mujeres-50-anos_PORTADA_270924-768x378.jpg\" class=\"attachment-medium_large size-medium_large wp-post-image\" alt=\"\" srcset=\"https:\/\/www.druni.es\/blog\/wp-content\/uploads\/2024\/09\/Mejores-cremas-antiedad-mujeres-50-anos_PORTADA_270924-768x378.jpg 768w, https:\/\/www.druni.es\/blog\/wp-content\/uploads\/2024\/09\/Mejores-cremas-antiedad-mujeres-50-anos_PORTADA_270924-300x148.jpg 300w, https:\/\/www.druni.es\/blog\/wp-content\/uploads\/2024\/09\/Mejores-cremas-antiedad-mujeres-50-anos_PORTADA_270924-380x187.jpg 380w, https:\/\/www.druni.es\/blog\/wp-content\/uploads\/2024\/09\/Mejores-cremas-antiedad-mujeres-50-anos_PORTADA_270924-800x394.jpg 800w, https:\/\/www.druni.es\/blog\/wp-content\/uploads\/2024\/09\/Mejores-cremas-antiedad-mujeres-50-anos_PORTADA_270924-760x374.jpg 760w, https:\/\/www.druni.es\/blog\/wp-content\/uploads\/2024\/09\/Mejores-cremas-antiedad-mujeres-50-anos_PORTADA_270924-600x295.jpg 600w, https:\/\/www.druni.es\/blog\/wp-content\/uploads\/2024\/09\/Mejores-cremas-antiedad-mujeres-50-anos_PORTADA_270924.jpg 868w\" sizes=\"auto, (max-width: 768px) 100vw, 768px\" \/>\t\t\t<\/div>\n\n\t\t\t\n\t\t\t\n\t\t\t\n\t\t\t<a class=\"cs-overlay-link\" href=\"https:\/\/www.druni.es\/blog\/mejor-crema-antiedad-para-mujeres-de-50-anos\/\"><\/a>\n\t\t<\/div>\n\t\t\n\t\t<div class=\"cs-entry__inner cs-entry__content \">\n\n\t\t\t\n\t\t\t\t<p class=\"cs-entry__title \">\n\t\t\t\t\t<a href=\"https:\/\/www.druni.es\/blog\/mejor-crema-antiedad-para-mujeres-de-50-anos\/\">Las mejores cremas antiedad para mujeres de 50 a\u00f1os<\/a>\n\t\t\t<\/p>\n\t\n\t\t\t\n\t\t\t<div class=\"cs-entry__post-meta\" ><\/div>\n\t\t\t\t\t<\/div>\n\t<\/div>\n<\/article>\n<article class=\"post-33676 post type-post status-publish format-standard has-post-thumbnail category-hombre category-comparativas category-cremas category-mejores-cremas category-salud-belleza category-cosmetica tag-antiarrugas cs-entry cs-video-wrap\">\n\t<div class=\"cs-entry__outercs-entry__outer\">\n\t\t\t\t<div class=\"cs-entry__inner cs-entry__thumbnail cs-entry__overlay  cs-entry__setting-format cs-overlay-ratio cs-ratio-portrait\">\n\t\t\t<div class=\"cs-overlay-background cs-overlay-transparent\">\n\t\t\t\t<img loading=\"lazy\" decoding=\"async\" width=\"768\" height=\"378\" src=\"https:\/\/www.druni.es\/blog\/wp-content\/uploads\/2024\/01\/5-Mejores-cremas-hombre-PORTADA-300124-768x378.jpg\" class=\"attachment-medium_large size-medium_large wp-post-image\" alt=\"\" srcset=\"https:\/\/www.druni.es\/blog\/wp-content\/uploads\/2024\/01\/5-Mejores-cremas-hombre-PORTADA-300124-768x378.jpg 768w, https:\/\/www.druni.es\/blog\/wp-content\/uploads\/2024\/01\/5-Mejores-cremas-hombre-PORTADA-300124-300x148.jpg 300w, https:\/\/www.druni.es\/blog\/wp-content\/uploads\/2024\/01\/5-Mejores-cremas-hombre-PORTADA-300124-380x187.jpg 380w, https:\/\/www.druni.es\/blog\/wp-content\/uploads\/2024\/01\/5-Mejores-cremas-hombre-PORTADA-300124-800x394.jpg 800w, https:\/\/www.druni.es\/blog\/wp-content\/uploads\/2024\/01\/5-Mejores-cremas-hombre-PORTADA-300124-760x374.jpg 760w, https:\/\/www.druni.es\/blog\/wp-content\/uploads\/2024\/01\/5-Mejores-cremas-hombre-PORTADA-300124-600x295.jpg 600w, https:\/\/www.druni.es\/blog\/wp-content\/uploads\/2024\/01\/5-Mejores-cremas-hombre-PORTADA-300124.jpg 868w\" sizes=\"auto, (max-width: 768px) 100vw, 768px\" \/>\t\t\t<\/div>\n\n\t\t\t\n\t\t\t\n\t\t\t\n\t\t\t<a class=\"cs-overlay-link\" href=\"https:\/\/www.druni.es\/blog\/mejores-cremas-antiedad-para-hombre\/\"><\/a>\n\t\t<\/div>\n\t\t\n\t\t<div class=\"cs-entry__inner cs-entry__content \">\n\n\t\t\t\n\t\t\t\t<p class=\"cs-entry__title \">\n\t\t\t\t\t<a href=\"https:\/\/www.druni.es\/blog\/mejores-cremas-antiedad-para-hombre\/\">Las 5 mejores cremas antiedad para hombres (mejor valoradas)<\/a>\n\t\t\t<\/p>\n\t\n\t\t\t\n\t\t\t<div class=\"cs-entry__post-meta\" ><\/div>\n\t\t\t\t\t<\/div>\n\t<\/div>\n<\/article>\n<article class=\"post-28652 post type-post status-publish format-standard has-post-thumbnail category-comparativas category-cuidado-facial category-mejores-productos-cosmetica category-salud-belleza category-cosmetica tag-antiarrugas tag-arrugas tag-serums cs-entry cs-video-wrap\">\n\t<div class=\"cs-entry__outercs-entry__outer\">\n\t\t\t\t<div class=\"cs-entry__inner cs-entry__thumbnail cs-entry__overlay  cs-entry__setting-format cs-overlay-ratio cs-ratio-portrait\">\n\t\t\t<div class=\"cs-overlay-background cs-overlay-transparent\">\n\t\t\t\t<img loading=\"lazy\" decoding=\"async\" width=\"768\" height=\"378\" src=\"https:\/\/www.druni.es\/blog\/wp-content\/uploads\/2023\/10\/5serums-antiedad-PORTADA-061023-768x378.jpg\" class=\"attachment-medium_large size-medium_large wp-post-image\" alt=\"\" srcset=\"https:\/\/www.druni.es\/blog\/wp-content\/uploads\/2023\/10\/5serums-antiedad-PORTADA-061023-768x378.jpg 768w, https:\/\/www.druni.es\/blog\/wp-content\/uploads\/2023\/10\/5serums-antiedad-PORTADA-061023-300x148.jpg 300w, https:\/\/www.druni.es\/blog\/wp-content\/uploads\/2023\/10\/5serums-antiedad-PORTADA-061023-380x187.jpg 380w, https:\/\/www.druni.es\/blog\/wp-content\/uploads\/2023\/10\/5serums-antiedad-PORTADA-061023-800x394.jpg 800w, https:\/\/www.druni.es\/blog\/wp-content\/uploads\/2023\/10\/5serums-antiedad-PORTADA-061023-760x374.jpg 760w, https:\/\/www.druni.es\/blog\/wp-content\/uploads\/2023\/10\/5serums-antiedad-PORTADA-061023-600x295.jpg 600w, https:\/\/www.druni.es\/blog\/wp-content\/uploads\/2023\/10\/5serums-antiedad-PORTADA-061023.jpg 868w\" sizes=\"auto, (max-width: 768px) 100vw, 768px\" \/>\t\t\t<\/div>\n\n\t\t\t\n\t\t\t\n\t\t\t\n\t\t\t<a class=\"cs-overlay-link\" href=\"https:\/\/www.druni.es\/blog\/mejores-serums-antiedad\/\"><\/a>\n\t\t<\/div>\n\t\t\n\t\t<div class=\"cs-entry__inner cs-entry__content \">\n\n\t\t\t\n\t\t\t\t<p class=\"cs-entry__title \">\n\t\t\t\t\t<a href=\"https:\/\/www.druni.es\/blog\/mejores-serums-antiedad\/\">Los 5 mejores s\u00e9rums antiedad para combatir las arrugas<\/a>\n\t\t\t<\/p>\n\t\n\t\t\t\n\t\t\t<div class=\"cs-entry__post-meta\" ><\/div>\n\t\t\t\t\t<\/div>\n\t<\/div>\n<\/article>\n<article class=\"post-25937 post type-post status-publish format-standard has-post-thumbnail category-comparativas category-mejores-cremas tag-60-anos tag-antiarrugas tag-cremas cs-entry cs-video-wrap\">\n\t<div class=\"cs-entry__outercs-entry__outer\">\n\t\t\t\t<div class=\"cs-entry__inner cs-entry__thumbnail cs-entry__overlay  cs-entry__setting-format cs-overlay-ratio cs-ratio-portrait\">\n\t\t\t<div class=\"cs-overlay-background cs-overlay-transparent\">\n\t\t\t\t<img loading=\"lazy\" decoding=\"async\" width=\"768\" height=\"378\" src=\"https:\/\/www.druni.es\/blog\/wp-content\/uploads\/2023\/07\/Crema-antiedad-60-anos-PORTADA-250723-768x378.jpg\" class=\"attachment-medium_large size-medium_large wp-post-image\" alt=\"\" srcset=\"https:\/\/www.druni.es\/blog\/wp-content\/uploads\/2023\/07\/Crema-antiedad-60-anos-PORTADA-250723-768x378.jpg 768w, https:\/\/www.druni.es\/blog\/wp-content\/uploads\/2023\/07\/Crema-antiedad-60-anos-PORTADA-250723-300x148.jpg 300w, https:\/\/www.druni.es\/blog\/wp-content\/uploads\/2023\/07\/Crema-antiedad-60-anos-PORTADA-250723-380x187.jpg 380w, https:\/\/www.druni.es\/blog\/wp-content\/uploads\/2023\/07\/Crema-antiedad-60-anos-PORTADA-250723-800x394.jpg 800w, https:\/\/www.druni.es\/blog\/wp-content\/uploads\/2023\/07\/Crema-antiedad-60-anos-PORTADA-250723-760x374.jpg 760w, https:\/\/www.druni.es\/blog\/wp-content\/uploads\/2023\/07\/Crema-antiedad-60-anos-PORTADA-250723-600x295.jpg 600w, https:\/\/www.druni.es\/blog\/wp-content\/uploads\/2023\/07\/Crema-antiedad-60-anos-PORTADA-250723.jpg 868w\" sizes=\"auto, (max-width: 768px) 100vw, 768px\" \/>\t\t\t<\/div>\n\n\t\t\t\n\t\t\t\n\t\t\t\n\t\t\t<a class=\"cs-overlay-link\" href=\"https:\/\/www.druni.es\/blog\/cremas-antiedad-60-anos\/\"><\/a>\n\t\t<\/div>\n\t\t\n\t\t<div class=\"cs-entry__inner cs-entry__content \">\n\n\t\t\t\n\t\t\t\t<p class=\"cs-entry__title \">\n\t\t\t\t\t<a href=\"https:\/\/www.druni.es\/blog\/cremas-antiedad-60-anos\/\">La mejor crema antiedad para los 60 a\u00f1os: Cuida tu piel en esta etapa<\/a>\n\t\t\t<\/p>\n\t\n\t\t\t\n\t\t\t<div class=\"cs-entry__post-meta\" ><\/div>\n\t\t\t\t\t<\/div>\n\t<\/div>\n<\/article>\n<article class=\"post-25919 post type-post status-publish format-standard has-post-thumbnail category-comparativas category-mejores-cremas tag-50-anos tag-antiarrugas tag-cremas tag-farmacia cs-entry cs-video-wrap\">\n\t<div class=\"cs-entry__outercs-entry__outer\">\n\t\t\t\t<div class=\"cs-entry__inner cs-entry__thumbnail cs-entry__overlay  cs-entry__setting-format cs-overlay-ratio cs-ratio-portrait\">\n\t\t\t<div class=\"cs-overlay-background cs-overlay-transparent\">\n\t\t\t\t<img loading=\"lazy\" decoding=\"async\" width=\"768\" height=\"378\" src=\"https:\/\/www.druni.es\/blog\/wp-content\/uploads\/2023\/07\/Combate-envejecimiento-cremas-antiedad-PORTADA-230723-768x378.jpg\" class=\"attachment-medium_large size-medium_large wp-post-image\" alt=\"\" srcset=\"https:\/\/www.druni.es\/blog\/wp-content\/uploads\/2023\/07\/Combate-envejecimiento-cremas-antiedad-PORTADA-230723-768x378.jpg 768w, https:\/\/www.druni.es\/blog\/wp-content\/uploads\/2023\/07\/Combate-envejecimiento-cremas-antiedad-PORTADA-230723-300x148.jpg 300w, https:\/\/www.druni.es\/blog\/wp-content\/uploads\/2023\/07\/Combate-envejecimiento-cremas-antiedad-PORTADA-230723-380x187.jpg 380w, https:\/\/www.druni.es\/blog\/wp-content\/uploads\/2023\/07\/Combate-envejecimiento-cremas-antiedad-PORTADA-230723-800x394.jpg 800w, https:\/\/www.druni.es\/blog\/wp-content\/uploads\/2023\/07\/Combate-envejecimiento-cremas-antiedad-PORTADA-230723-760x374.jpg 760w, https:\/\/www.druni.es\/blog\/wp-content\/uploads\/2023\/07\/Combate-envejecimiento-cremas-antiedad-PORTADA-230723-600x295.jpg 600w, https:\/\/www.druni.es\/blog\/wp-content\/uploads\/2023\/07\/Combate-envejecimiento-cremas-antiedad-PORTADA-230723.jpg 868w\" sizes=\"auto, (max-width: 768px) 100vw, 768px\" \/>\t\t\t<\/div>\n\n\t\t\t\n\t\t\t\n\t\t\t\n\t\t\t<a class=\"cs-overlay-link\" href=\"https:\/\/www.druni.es\/blog\/cremas-antiedad-50-anos-farmacia\/\"><\/a>\n\t\t<\/div>\n\t\t\n\t\t<div class=\"cs-entry__inner cs-entry__content \">\n\n\t\t\t\n\t\t\t\t<p class=\"cs-entry__title \">\n\t\t\t\t\t<a href=\"https:\/\/www.druni.es\/blog\/cremas-antiedad-50-anos-farmacia\/\">Combate el envejecimiento con estas cremas antiedad para los 50 a\u00f1os de farmacia<\/a>\n\t\t\t<\/p>\n\t\n\t\t\t\n\t\t\t<div class=\"cs-entry__post-meta\" ><\/div>\n\t\t\t\t\t<\/div>\n\t<\/div>\n<\/article>\n<article class=\"post-23941 post type-post status-publish format-standard has-post-thumbnail category-comparativas category-cuidado-facial category-mejores-productos-cosmetica category-salud-belleza category-cosmetica tag-antiarrugas tag-dermatologos cs-entry cs-video-wrap\">\n\t<div class=\"cs-entry__outercs-entry__outer\">\n\t\t\t\t<div class=\"cs-entry__inner cs-entry__thumbnail cs-entry__overlay  cs-entry__setting-format cs-overlay-ratio cs-ratio-portrait\">\n\t\t\t<div class=\"cs-overlay-background cs-overlay-transparent\">\n\t\t\t\t<img loading=\"lazy\" decoding=\"async\" width=\"768\" height=\"378\" src=\"https:\/\/www.druni.es\/blog\/wp-content\/uploads\/2023\/06\/Mejores-cremas-antiarrugas-dermatologos-PORTADA-160623-768x378.jpg\" class=\"attachment-medium_large size-medium_large wp-post-image\" alt=\"\" srcset=\"https:\/\/www.druni.es\/blog\/wp-content\/uploads\/2023\/06\/Mejores-cremas-antiarrugas-dermatologos-PORTADA-160623-768x378.jpg 768w, https:\/\/www.druni.es\/blog\/wp-content\/uploads\/2023\/06\/Mejores-cremas-antiarrugas-dermatologos-PORTADA-160623-300x148.jpg 300w, https:\/\/www.druni.es\/blog\/wp-content\/uploads\/2023\/06\/Mejores-cremas-antiarrugas-dermatologos-PORTADA-160623-380x187.jpg 380w, https:\/\/www.druni.es\/blog\/wp-content\/uploads\/2023\/06\/Mejores-cremas-antiarrugas-dermatologos-PORTADA-160623-800x394.jpg 800w, https:\/\/www.druni.es\/blog\/wp-content\/uploads\/2023\/06\/Mejores-cremas-antiarrugas-dermatologos-PORTADA-160623-760x374.jpg 760w, https:\/\/www.druni.es\/blog\/wp-content\/uploads\/2023\/06\/Mejores-cremas-antiarrugas-dermatologos-PORTADA-160623-600x295.jpg 600w, https:\/\/www.druni.es\/blog\/wp-content\/uploads\/2023\/06\/Mejores-cremas-antiarrugas-dermatologos-PORTADA-160623.jpg 868w\" sizes=\"auto, (max-width: 768px) 100vw, 768px\" \/>\t\t\t<\/div>\n\n\t\t\t\n\t\t\t\n\t\t\t\n\t\t\t<a class=\"cs-overlay-link\" href=\"https:\/\/www.druni.es\/blog\/mejores-cremas-antiarrugas\/segun-dermatologos\/\"><\/a>\n\t\t<\/div>\n\t\t\n\t\t<div class=\"cs-entry__inner cs-entry__content \">\n\n\t\t\t\n\t\t\t\t<p class=\"cs-entry__title \">\n\t\t\t\t\t<a href=\"https:\/\/www.druni.es\/blog\/mejores-cremas-antiarrugas\/segun-dermatologos\/\">Las mejores cremas antiarrugas recomendadas por dermat\u00f3logos<\/a>\n\t\t\t<\/p>\n\t\n\t\t\t\n\t\t\t<div class=\"cs-entry__post-meta\" ><\/div>\n\t\t\t\t\t<\/div>\n\t<\/div>\n<\/article>\n<article class=\"post-20636 post type-post status-publish format-standard has-post-thumbnail category-cuidado-facial category-salud-belleza category-cosmetica tag-antiarrugas tag-arrugas tag-contorno-de-ojos tag-ojos cs-entry cs-video-wrap\">\n\t<div class=\"cs-entry__outercs-entry__outer\">\n\t\t\t\t<div class=\"cs-entry__inner cs-entry__thumbnail cs-entry__overlay  cs-entry__setting-format cs-overlay-ratio cs-ratio-portrait\">\n\t\t\t<div class=\"cs-overlay-background cs-overlay-transparent\">\n\t\t\t\t<img loading=\"lazy\" decoding=\"async\" width=\"768\" height=\"378\" src=\"https:\/\/www.druni.es\/blog\/wp-content\/uploads\/2023\/04\/Eliminar-Arrugas-Ojos-PORTADA-030423-768x378.jpg\" class=\"attachment-medium_large size-medium_large wp-post-image\" alt=\"\" srcset=\"https:\/\/www.druni.es\/blog\/wp-content\/uploads\/2023\/04\/Eliminar-Arrugas-Ojos-PORTADA-030423-768x378.jpg 768w, https:\/\/www.druni.es\/blog\/wp-content\/uploads\/2023\/04\/Eliminar-Arrugas-Ojos-PORTADA-030423-300x148.jpg 300w, https:\/\/www.druni.es\/blog\/wp-content\/uploads\/2023\/04\/Eliminar-Arrugas-Ojos-PORTADA-030423-380x187.jpg 380w, https:\/\/www.druni.es\/blog\/wp-content\/uploads\/2023\/04\/Eliminar-Arrugas-Ojos-PORTADA-030423-800x394.jpg 800w, https:\/\/www.druni.es\/blog\/wp-content\/uploads\/2023\/04\/Eliminar-Arrugas-Ojos-PORTADA-030423-760x374.jpg 760w, https:\/\/www.druni.es\/blog\/wp-content\/uploads\/2023\/04\/Eliminar-Arrugas-Ojos-PORTADA-030423-600x295.jpg 600w, https:\/\/www.druni.es\/blog\/wp-content\/uploads\/2023\/04\/Eliminar-Arrugas-Ojos-PORTADA-030423.jpg 868w\" sizes=\"auto, (max-width: 768px) 100vw, 768px\" \/>\t\t\t<\/div>\n\n\t\t\t\n\t\t\t\n\t\t\t\n\t\t\t<a class=\"cs-overlay-link\" href=\"https:\/\/www.druni.es\/blog\/quitar-arrugas-bajo-ojos\/\"><\/a>\n\t\t<\/div>\n\t\t\n\t\t<div class=\"cs-entry__inner cs-entry__content \">\n\n\t\t\t\n\t\t\t\t<p class=\"cs-entry__title \">\n\t\t\t\t\t<a href=\"https:\/\/www.druni.es\/blog\/quitar-arrugas-bajo-ojos\/\">\u00bfC\u00f3mo eliminar las arrugas debajo de los ojos?<\/a>\n\t\t\t<\/p>\n\t\n\t\t\t\n\t\t\t<div class=\"cs-entry__post-meta\" ><\/div>\n\t\t\t\t\t<\/div>\n\t<\/div>\n<\/article>\n\t\t\t\t<\/div>\n\t\t\t<\/div>\n\n\t\t\t\t\t<\/div>\n\t<\/div>\n\t\n\n\n<div class=\"wp-block-group\"><div class=\"wp-block-group__inner-container is-layout-flow wp-block-group-is-layout-flow\">\n<p id=\"wp-block-themeisle-blocks-advanced-heading-2f0f6003\" class=\"wp-block-themeisle-blocks-advanced-heading wp-block-themeisle-blocks-advanced-heading-2f0f6003 ticss-636c4928 is-style-default\"><strong>Preguntas frecuentes (FAQs)<\/strong><\/p>\n\n\n\n<p id=\"wp-block-themeisle-blocks-advanced-heading-856b5cf6\" class=\"wp-block-themeisle-blocks-advanced-heading wp-block-themeisle-blocks-advanced-heading-856b5cf6 ticss-636c4928 is-style-default\"><strong>\u2193 &nbsp; \u2193 &nbsp; \u2193 &nbsp; \u2193 &nbsp; \u2193<\/strong><\/p>\n<\/div><\/div>\n\n\n<div class=\"wp-block-ub-content-toggle wp-block-ub-content-toggle-block\" id=\"ub-content-toggle-block-6a88ff2e-2f96-44d7-8e3b-a90abd9ff4ad\" data-mobilecollapse=\"false\" data-desktopcollapse=\"false\" data-preventcollapse=\"false\" data-showonlyone=\"false\">\n<div class=\"wp-block-ub-content-toggle-accordion\" style=\"border-color: #f1f1f1; \" id=\"ub-content-toggle-panel-block-1ce50fbc-9412-414b-a141-2fb77a4e49b2\">\n\t\t\t<div class=\"wp-block-ub-content-toggle-accordion-title-wrap\" style=\"background-color: #f1f1f1;\" aria-controls=\"ub-content-toggle-panel-0-6a88ff2e-2f96-44d7-8e3b-a90abd9ff4ad\" tabindex=\"0\">\n\t\t\t<p class=\"wp-block-ub-content-toggle-accordion-title ub-content-toggle-title-6a88ff2e-2f96-44d7-8e3b-a90abd9ff4ad\" style=\"color: #000000; \">\u00bfQu\u00e9 es la redensificaci\u00f3n facial?<\/p>\n\t\t\t<div class=\"wp-block-ub-content-toggle-accordion-toggle-wrap right\" style=\"color: #000000;\"><span class=\"wp-block-ub-content-toggle-accordion-state-indicator wp-block-ub-chevron-down open\"><\/span><\/div>\n\t\t<\/div>\n\t\t\t<div role=\"region\" aria-expanded=\"true\" class=\"wp-block-ub-content-toggle-accordion-content-wrap\" id=\"ub-content-toggle-panel-0-6a88ff2e-2f96-44d7-8e3b-a90abd9ff4ad\">\n\n<p>La redensificaci\u00f3n facial es un procedimiento est\u00e9tico orientado a mejorar la calidad de la piel cuando esta empieza a mostrar signos de p\u00e9rdida de densidad.<\/p>\n\n<\/div>\n\t\t<\/div>\n\n<div class=\"wp-block-ub-content-toggle-accordion\" style=\"border-color: #f1f1f1; \" id=\"ub-content-toggle-panel-block-881d02a8-e6ff-4e1c-a2a7-9f066569ba0d\">\n\t\t\t<div class=\"wp-block-ub-content-toggle-accordion-title-wrap\" style=\"background-color: #f1f1f1;\" aria-controls=\"ub-content-toggle-panel-1-6a88ff2e-2f96-44d7-8e3b-a90abd9ff4ad\" tabindex=\"0\">\n\t\t\t<p class=\"wp-block-ub-content-toggle-accordion-title ub-content-toggle-title-6a88ff2e-2f96-44d7-8e3b-a90abd9ff4ad\" style=\"color: #000000; \">\u00bfPara qu\u00e9 se utiliza este procedimiento?<\/p>\n\t\t\t<div class=\"wp-block-ub-content-toggle-accordion-toggle-wrap right\" style=\"color: #000000;\"><span class=\"wp-block-ub-content-toggle-accordion-state-indicator wp-block-ub-chevron-down open\"><\/span><\/div>\n\t\t<\/div>\n\t\t\t<div role=\"region\" aria-expanded=\"true\" class=\"wp-block-ub-content-toggle-accordion-content-wrap\" id=\"ub-content-toggle-panel-1-6a88ff2e-2f96-44d7-8e3b-a90abd9ff4ad\">\n\n<p>La redensificaci\u00f3n facial se utiliza para combatir los signos del envejecimiento cut\u00e1neo que no siempre se resuelven solo con cosm\u00e9tica, mejorando la calidad general de la piel.<\/p>\n\n<\/div>\n\t\t<\/div>\n\n<div class=\"wp-block-ub-content-toggle-accordion\" style=\"border-color: #f1f1f1; \" id=\"ub-content-toggle-panel-block-6ea7f7cf-9281-4491-9c69-f7f848a0ec5e\">\n\t\t\t<div class=\"wp-block-ub-content-toggle-accordion-title-wrap\" style=\"background-color: #f1f1f1;\" aria-controls=\"ub-content-toggle-panel-2-6a88ff2e-2f96-44d7-8e3b-a90abd9ff4ad\" tabindex=\"0\">\n\t\t\t<p class=\"wp-block-ub-content-toggle-accordion-title ub-content-toggle-title-6a88ff2e-2f96-44d7-8e3b-a90abd9ff4ad\" style=\"color: #000000; \">\u00bfC\u00f3mo se realiza la redensificaci\u00f3n facial?<\/p>\n\t\t\t<div class=\"wp-block-ub-content-toggle-accordion-toggle-wrap right\" style=\"color: #000000;\"><span class=\"wp-block-ub-content-toggle-accordion-state-indicator wp-block-ub-chevron-down open\"><\/span><\/div>\n\t\t<\/div>\n\t\t\t<div role=\"region\" aria-expanded=\"true\" class=\"wp-block-ub-content-toggle-accordion-content-wrap\" id=\"ub-content-toggle-panel-2-6a88ff2e-2f96-44d7-8e3b-a90abd9ff4ad\">\n\n<p>La forma de realizar una redensificaci\u00f3n facial puede variar seg\u00fan la t\u00e9cnica elegida y las necesidades de la piel, realiz\u00e1ndose en cl\u00ednica de manera ambulatoria y personalizada.<\/p>\n\n<\/div>\n\t\t<\/div>\n\n<div class=\"wp-block-ub-content-toggle-accordion\" style=\"border-color: #f1f1f1; \" id=\"ub-content-toggle-panel-block-8beb611c-fe1e-4e4b-975f-bb0724940f46\">\n\t\t\t<div class=\"wp-block-ub-content-toggle-accordion-title-wrap\" style=\"background-color: #f1f1f1;\" aria-controls=\"ub-content-toggle-panel-3-6a88ff2e-2f96-44d7-8e3b-a90abd9ff4ad\" tabindex=\"0\">\n\t\t\t<p class=\"wp-block-ub-content-toggle-accordion-title ub-content-toggle-title-6a88ff2e-2f96-44d7-8e3b-a90abd9ff4ad\" style=\"color: #000000; \">\u00bfPara qui\u00e9n est\u00e1 indicada la redensificaci\u00f3n cut\u00e1nea?<\/p>\n\t\t\t<div class=\"wp-block-ub-content-toggle-accordion-toggle-wrap right\" style=\"color: #000000;\"><span class=\"wp-block-ub-content-toggle-accordion-state-indicator wp-block-ub-chevron-down open\"><\/span><\/div>\n\t\t<\/div>\n\t\t\t<div role=\"region\" aria-expanded=\"true\" class=\"wp-block-ub-content-toggle-accordion-content-wrap\" id=\"ub-content-toggle-panel-3-6a88ff2e-2f96-44d7-8e3b-a90abd9ff4ad\">\n\n<p>La redensificaci\u00f3n cut\u00e1nea est\u00e1 indicada para personas con piel fina, deshidratada, menos firme, que buscan mejorar su aspecto sin recurrir a cambios dr\u00e1sticos, y puede ser beneficioso en un enfoque preventivo del envejecimiento cut\u00e1neo.<\/p>\n\n<\/div>\n\t\t<\/div>\n<\/div>\n\n<div class=\"kk-star-ratings kksr-auto kksr-align-left kksr-valign-bottom\"\n    data-payload='{&quot;align&quot;:&quot;left&quot;,&quot;id&quot;:&quot;68314&quot;,&quot;slug&quot;:&quot;default&quot;,&quot;valign&quot;:&quot;bottom&quot;,&quot;ignore&quot;:&quot;&quot;,&quot;reference&quot;:&quot;auto&quot;,&quot;class&quot;:&quot;&quot;,&quot;count&quot;:&quot;0&quot;,&quot;legendonly&quot;:&quot;&quot;,&quot;readonly&quot;:&quot;&quot;,&quot;score&quot;:&quot;0&quot;,&quot;starsonly&quot;:&quot;&quot;,&quot;best&quot;:&quot;5&quot;,&quot;gap&quot;:&quot;5&quot;,&quot;greet&quot;:&quot;Valora este contenido post&quot;,&quot;legend&quot;:&quot;0\\\/5 - (0 votos)&quot;,&quot;size&quot;:&quot;24&quot;,&quot;title&quot;:&quot;Todo sobre la redensificaci\u00f3n facial: beneficios antiedad&quot;,&quot;width&quot;:&quot;0&quot;,&quot;_legend&quot;:&quot;{score}\\\/{best} - ({count} {votes})&quot;,&quot;font_factor&quot;:&quot;1.25&quot;}'>\n            \n<div class=\"kksr-stars\">\n    \n<div class=\"kksr-stars-inactive\">\n            <div class=\"kksr-star\" data-star=\"1\" style=\"padding-right: 5px\">\n            \n\n<div class=\"kksr-icon\" style=\"width: 24px; height: 24px;\"><\/div>\n        <\/div>\n            <div class=\"kksr-star\" data-star=\"2\" style=\"padding-right: 5px\">\n            \n\n<div class=\"kksr-icon\" style=\"width: 24px; height: 24px;\"><\/div>\n        <\/div>\n            <div class=\"kksr-star\" data-star=\"3\" style=\"padding-right: 5px\">\n            \n\n<div class=\"kksr-icon\" style=\"width: 24px; height: 24px;\"><\/div>\n        <\/div>\n            <div class=\"kksr-star\" data-star=\"4\" style=\"padding-right: 5px\">\n            \n\n<div class=\"kksr-icon\" style=\"width: 24px; height: 24px;\"><\/div>\n        <\/div>\n            <div class=\"kksr-star\" data-star=\"5\" style=\"padding-right: 5px\">\n            \n\n<div class=\"kksr-icon\" style=\"width: 24px; height: 24px;\"><\/div>\n        <\/div>\n    <\/div>\n    \n<div class=\"kksr-stars-active\" style=\"width: 0px;\">\n            <div class=\"kksr-star\" style=\"padding-right: 5px\">\n            \n\n<div class=\"kksr-icon\" style=\"width: 24px; height: 24px;\"><\/div>\n        <\/div>\n            <div class=\"kksr-star\" style=\"padding-right: 5px\">\n            \n\n<div class=\"kksr-icon\" style=\"width: 24px; height: 24px;\"><\/div>\n        <\/div>\n            <div class=\"kksr-star\" style=\"padding-right: 5px\">\n            \n\n<div class=\"kksr-icon\" style=\"width: 24px; height: 24px;\"><\/div>\n        <\/div>\n            <div class=\"kksr-star\" style=\"padding-right: 5px\">\n            \n\n<div class=\"kksr-icon\" style=\"width: 24px; height: 24px;\"><\/div>\n        <\/div>\n            <div class=\"kksr-star\" style=\"padding-right: 5px\">\n            \n\n<div class=\"kksr-icon\" style=\"width: 24px; height: 24px;\"><\/div>\n        <\/div>\n    <\/div>\n<\/div>\n                \n\n<div class=\"kksr-legend\" style=\"font-size: 19.2px;\">\n            <span class=\"kksr-muted\">Valora este contenido post<\/span>\n    <\/div>\n    <\/div>\n","protected":false},"excerpt":{"rendered":"La redensificaci\u00f3n facial se ha colado en la conversaci\u00f3n beauty de quienes no buscan cambiar sus rasgos, sino&hellip;\n","protected":false},"author":8,"featured_media":69604,"comment_status":"closed","ping_status":"closed","sticky":false,"template":"","format":"standard","meta":{"_strive_editorial_status":"complete","_strive_copy_of":0,"_themeisle_gutenberg_block_has_review":false,"_strive_checklists":"\"\"","_strive_active_checklist":"","_strive_post_notes":"","footnotes":""},"categories":[446,15,191],"tags":[43],"class_list":{"0":"post-68314","1":"post","2":"type-post","3":"status-publish","4":"format-standard","5":"has-post-thumbnail","7":"category-cuidado-facial","8":"category-salud-belleza","9":"category-cosmetica","10":"tag-antiarrugas","11":"cs-entry","12":"cs-video-wrap"},"featured_image_src":"https:\/\/www.druni.es\/blog\/wp-content\/uploads\/2026\/05\/01_Redensificacion_facial_PORTADA.jpg","author_info":{"display_name":"redaccion","author_link":"https:\/\/www.druni.es\/blog\/author\/redacc_m\/"},"yoast_head":"<!-- This site is optimized with the Yoast SEO plugin v27.5 - https:\/\/yoast.com\/product\/yoast-seo-wordpress\/ -->\n<title>Todo sobre la redensificaci\u00f3n facial: beneficios antiedad \u2714 | Blog Druni<\/title>\n<meta name=\"description\" content=\"Descubre los beneficios antiedad de la redensificaci\u00f3n facial y recupera la juventud perdida en tu piel. \u00a1Luce un rostro m\u00e1s firme y radiante! \ud83c\udf1f\" \/>\n<meta name=\"robots\" content=\"index, follow, max-snippet:-1, max-image-preview:large, max-video-preview:-1\" \/>\n<link rel=\"canonical\" href=\"https:\/\/www.druni.es\/blog\/todo-sobre-la-redensificacion-facial-beneficios-antiedad\/\" \/>\n<meta name=\"twitter:card\" content=\"summary_large_image\" \/>\n<meta name=\"twitter:title\" content=\"Todo sobre la redensificaci\u00f3n facial: beneficios antiedad \u2714 | Blog Druni\" \/>\n<meta name=\"twitter:description\" content=\"Descubre los beneficios antiedad de la redensificaci\u00f3n facial y recupera la juventud perdida en tu piel. \u00a1Luce un rostro m\u00e1s firme y radiante! \ud83c\udf1f\" \/>\n<meta name=\"twitter:image\" content=\"https:\/\/www.druni.es\/blog\/wp-content\/uploads\/2026\/05\/01_Redensificacion_facial_PORTADA.jpg\" \/>\n<script type=\"application\/ld+json\" class=\"yoast-schema-graph\">{\"@context\":\"https:\\\/\\\/schema.org\",\"@graph\":[{\"@type\":\"Article\",\"@id\":\"https:\\\/\\\/www.druni.es\\\/blog\\\/todo-sobre-la-redensificacion-facial-beneficios-antiedad\\\/#article\",\"isPartOf\":{\"@id\":\"https:\\\/\\\/www.druni.es\\\/blog\\\/todo-sobre-la-redensificacion-facial-beneficios-antiedad\\\/\"},\"author\":{\"name\":\"redaccion\",\"@id\":\"https:\\\/\\\/www.druni.es\\\/blog\\\/#\\\/schema\\\/person\\\/923d03408d2b6a66f40fcb7018d92277\"},\"headline\":\"Todo sobre la redensificaci\u00f3n facial: beneficios antiedad\",\"datePublished\":\"2026-05-01T15:00:00+00:00\",\"mainEntityOfPage\":{\"@id\":\"https:\\\/\\\/www.druni.es\\\/blog\\\/todo-sobre-la-redensificacion-facial-beneficios-antiedad\\\/\"},\"wordCount\":1259,\"image\":{\"@id\":\"https:\\\/\\\/www.druni.es\\\/blog\\\/todo-sobre-la-redensificacion-facial-beneficios-antiedad\\\/#primaryimage\"},\"thumbnailUrl\":\"https:\\\/\\\/www.druni.es\\\/blog\\\/wp-content\\\/uploads\\\/2026\\\/05\\\/01_Redensificacion_facial_PORTADA.jpg\",\"keywords\":[\"antiarrugas\"],\"articleSection\":[\"Cuidado facial\",\"Salud y Belleza\",\"Todo sobre la cosm\u00e9tica\"],\"inLanguage\":\"es\"},{\"@type\":\"WebPage\",\"@id\":\"https:\\\/\\\/www.druni.es\\\/blog\\\/todo-sobre-la-redensificacion-facial-beneficios-antiedad\\\/\",\"url\":\"https:\\\/\\\/www.druni.es\\\/blog\\\/todo-sobre-la-redensificacion-facial-beneficios-antiedad\\\/\",\"name\":\"Todo sobre la redensificaci\u00f3n facial: beneficios antiedad \u2714 | Blog Druni\",\"isPartOf\":{\"@id\":\"https:\\\/\\\/www.druni.es\\\/blog\\\/#website\"},\"primaryImageOfPage\":{\"@id\":\"https:\\\/\\\/www.druni.es\\\/blog\\\/todo-sobre-la-redensificacion-facial-beneficios-antiedad\\\/#primaryimage\"},\"image\":{\"@id\":\"https:\\\/\\\/www.druni.es\\\/blog\\\/todo-sobre-la-redensificacion-facial-beneficios-antiedad\\\/#primaryimage\"},\"thumbnailUrl\":\"https:\\\/\\\/www.druni.es\\\/blog\\\/wp-content\\\/uploads\\\/2026\\\/05\\\/01_Redensificacion_facial_PORTADA.jpg\",\"datePublished\":\"2026-05-01T15:00:00+00:00\",\"author\":{\"@id\":\"https:\\\/\\\/www.druni.es\\\/blog\\\/#\\\/schema\\\/person\\\/923d03408d2b6a66f40fcb7018d92277\"},\"description\":\"Descubre los beneficios antiedad de la redensificaci\u00f3n facial y recupera la juventud perdida en tu piel. \u00a1Luce un rostro m\u00e1s firme y radiante! \ud83c\udf1f\",\"breadcrumb\":{\"@id\":\"https:\\\/\\\/www.druni.es\\\/blog\\\/todo-sobre-la-redensificacion-facial-beneficios-antiedad\\\/#breadcrumb\"},\"inLanguage\":\"es\",\"potentialAction\":[{\"@type\":\"ReadAction\",\"target\":[\"https:\\\/\\\/www.druni.es\\\/blog\\\/todo-sobre-la-redensificacion-facial-beneficios-antiedad\\\/\"]}]},{\"@type\":\"ImageObject\",\"inLanguage\":\"es\",\"@id\":\"https:\\\/\\\/www.druni.es\\\/blog\\\/todo-sobre-la-redensificacion-facial-beneficios-antiedad\\\/#primaryimage\",\"url\":\"https:\\\/\\\/www.druni.es\\\/blog\\\/wp-content\\\/uploads\\\/2026\\\/05\\\/01_Redensificacion_facial_PORTADA.jpg\",\"contentUrl\":\"https:\\\/\\\/www.druni.es\\\/blog\\\/wp-content\\\/uploads\\\/2026\\\/05\\\/01_Redensificacion_facial_PORTADA.jpg\",\"width\":1200,\"height\":748},{\"@type\":\"BreadcrumbList\",\"@id\":\"https:\\\/\\\/www.druni.es\\\/blog\\\/todo-sobre-la-redensificacion-facial-beneficios-antiedad\\\/#breadcrumb\",\"itemListElement\":[{\"@type\":\"ListItem\",\"position\":1,\"name\":\"Druni Blog\",\"item\":\"https:\\\/\\\/www.druni.es\\\/blog\\\/\"},{\"@type\":\"ListItem\",\"position\":2,\"name\":\"Salud y Belleza\",\"item\":\"https:\\\/\\\/www.druni.es\\\/blog\\\/salud-belleza\\\/\"},{\"@type\":\"ListItem\",\"position\":3,\"name\":\"Redensificaci\u00f3n Facial\"}]},{\"@type\":\"WebSite\",\"@id\":\"https:\\\/\\\/www.druni.es\\\/blog\\\/#website\",\"url\":\"https:\\\/\\\/www.druni.es\\\/blog\\\/\",\"name\":\"Druni Blog\",\"description\":\"Beauty &amp; Health\",\"potentialAction\":[{\"@type\":\"SearchAction\",\"target\":{\"@type\":\"EntryPoint\",\"urlTemplate\":\"https:\\\/\\\/www.druni.es\\\/blog\\\/?s={search_term_string}\"},\"query-input\":{\"@type\":\"PropertyValueSpecification\",\"valueRequired\":true,\"valueName\":\"search_term_string\"}}],\"inLanguage\":\"es\"},{\"@type\":\"Person\",\"@id\":\"https:\\\/\\\/www.druni.es\\\/blog\\\/#\\\/schema\\\/person\\\/923d03408d2b6a66f40fcb7018d92277\",\"name\":\"redaccion\",\"image\":{\"@type\":\"ImageObject\",\"inLanguage\":\"es\",\"@id\":\"https:\\\/\\\/secure.gravatar.com\\\/avatar\\\/347a7e52d746752efa674a4b31a2ec08c580ac5ce47040b9f40bc1c6a0600b8e?s=96&d=mm&r=g\",\"url\":\"https:\\\/\\\/secure.gravatar.com\\\/avatar\\\/347a7e52d746752efa674a4b31a2ec08c580ac5ce47040b9f40bc1c6a0600b8e?s=96&d=mm&r=g\",\"contentUrl\":\"https:\\\/\\\/secure.gravatar.com\\\/avatar\\\/347a7e52d746752efa674a4b31a2ec08c580ac5ce47040b9f40bc1c6a0600b8e?s=96&d=mm&r=g\",\"caption\":\"redaccion\"}}]}<\/script>\n<!-- \/ Yoast SEO plugin. -->","yoast_head_json":{"title":"Todo sobre la redensificaci\u00f3n facial: beneficios antiedad \u2714 | Blog Druni","description":"Descubre los beneficios antiedad de la redensificaci\u00f3n facial y recupera la juventud perdida en tu piel. \u00a1Luce un rostro m\u00e1s firme y radiante! \ud83c\udf1f","robots":{"index":"index","follow":"follow","max-snippet":"max-snippet:-1","max-image-preview":"max-image-preview:large","max-video-preview":"max-video-preview:-1"},"canonical":"https:\/\/www.druni.es\/blog\/todo-sobre-la-redensificacion-facial-beneficios-antiedad\/","twitter_card":"summary_large_image","twitter_title":"Todo sobre la redensificaci\u00f3n facial: beneficios antiedad \u2714 | Blog Druni","twitter_description":"Descubre los beneficios antiedad de la redensificaci\u00f3n facial y recupera la juventud perdida en tu piel. \u00a1Luce un rostro m\u00e1s firme y radiante! \ud83c\udf1f","twitter_image":"https:\/\/www.druni.es\/blog\/wp-content\/uploads\/2026\/05\/01_Redensificacion_facial_PORTADA.jpg","schema":{"@context":"https:\/\/schema.org","@graph":[{"@type":"Article","@id":"https:\/\/www.druni.es\/blog\/todo-sobre-la-redensificacion-facial-beneficios-antiedad\/#article","isPartOf":{"@id":"https:\/\/www.druni.es\/blog\/todo-sobre-la-redensificacion-facial-beneficios-antiedad\/"},"author":{"name":"redaccion","@id":"https:\/\/www.druni.es\/blog\/#\/schema\/person\/923d03408d2b6a66f40fcb7018d92277"},"headline":"Todo sobre la redensificaci\u00f3n facial: beneficios antiedad","datePublished":"2026-05-01T15:00:00+00:00","mainEntityOfPage":{"@id":"https:\/\/www.druni.es\/blog\/todo-sobre-la-redensificacion-facial-beneficios-antiedad\/"},"wordCount":1259,"image":{"@id":"https:\/\/www.druni.es\/blog\/todo-sobre-la-redensificacion-facial-beneficios-antiedad\/#primaryimage"},"thumbnailUrl":"https:\/\/www.druni.es\/blog\/wp-content\/uploads\/2026\/05\/01_Redensificacion_facial_PORTADA.jpg","keywords":["antiarrugas"],"articleSection":["Cuidado facial","Salud y Belleza","Todo sobre la cosm\u00e9tica"],"inLanguage":"es"},{"@type":"WebPage","@id":"https:\/\/www.druni.es\/blog\/todo-sobre-la-redensificacion-facial-beneficios-antiedad\/","url":"https:\/\/www.druni.es\/blog\/todo-sobre-la-redensificacion-facial-beneficios-antiedad\/","name":"Todo sobre la redensificaci\u00f3n facial: beneficios antiedad \u2714 | Blog Druni","isPartOf":{"@id":"https:\/\/www.druni.es\/blog\/#website"},"primaryImageOfPage":{"@id":"https:\/\/www.druni.es\/blog\/todo-sobre-la-redensificacion-facial-beneficios-antiedad\/#primaryimage"},"image":{"@id":"https:\/\/www.druni.es\/blog\/todo-sobre-la-redensificacion-facial-beneficios-antiedad\/#primaryimage"},"thumbnailUrl":"https:\/\/www.druni.es\/blog\/wp-content\/uploads\/2026\/05\/01_Redensificacion_facial_PORTADA.jpg","datePublished":"2026-05-01T15:00:00+00:00","author":{"@id":"https:\/\/www.druni.es\/blog\/#\/schema\/person\/923d03408d2b6a66f40fcb7018d92277"},"description":"Descubre los beneficios antiedad de la redensificaci\u00f3n facial y recupera la juventud perdida en tu piel. \u00a1Luce un rostro m\u00e1s firme y radiante! \ud83c\udf1f","breadcrumb":{"@id":"https:\/\/www.druni.es\/blog\/todo-sobre-la-redensificacion-facial-beneficios-antiedad\/#breadcrumb"},"inLanguage":"es","potentialAction":[{"@type":"ReadAction","target":["https:\/\/www.druni.es\/blog\/todo-sobre-la-redensificacion-facial-beneficios-antiedad\/"]}]},{"@type":"ImageObject","inLanguage":"es","@id":"https:\/\/www.druni.es\/blog\/todo-sobre-la-redensificacion-facial-beneficios-antiedad\/#primaryimage","url":"https:\/\/www.druni.es\/blog\/wp-content\/uploads\/2026\/05\/01_Redensificacion_facial_PORTADA.jpg","contentUrl":"https:\/\/www.druni.es\/blog\/wp-content\/uploads\/2026\/05\/01_Redensificacion_facial_PORTADA.jpg","width":1200,"height":748},{"@type":"BreadcrumbList","@id":"https:\/\/www.druni.es\/blog\/todo-sobre-la-redensificacion-facial-beneficios-antiedad\/#breadcrumb","itemListElement":[{"@type":"ListItem","position":1,"name":"Druni Blog","item":"https:\/\/www.druni.es\/blog\/"},{"@type":"ListItem","position":2,"name":"Salud y Belleza","item":"https:\/\/www.druni.es\/blog\/salud-belleza\/"},{"@type":"ListItem","position":3,"name":"Redensificaci\u00f3n Facial"}]},{"@type":"WebSite","@id":"https:\/\/www.druni.es\/blog\/#website","url":"https:\/\/www.druni.es\/blog\/","name":"Druni Blog","description":"Beauty &amp; Health","potentialAction":[{"@type":"SearchAction","target":{"@type":"EntryPoint","urlTemplate":"https:\/\/www.druni.es\/blog\/?s={search_term_string}"},"query-input":{"@type":"PropertyValueSpecification","valueRequired":true,"valueName":"search_term_string"}}],"inLanguage":"es"},{"@type":"Person","@id":"https:\/\/www.druni.es\/blog\/#\/schema\/person\/923d03408d2b6a66f40fcb7018d92277","name":"redaccion","image":{"@type":"ImageObject","inLanguage":"es","@id":"https:\/\/secure.gravatar.com\/avatar\/347a7e52d746752efa674a4b31a2ec08c580ac5ce47040b9f40bc1c6a0600b8e?s=96&d=mm&r=g","url":"https:\/\/secure.gravatar.com\/avatar\/347a7e52d746752efa674a4b31a2ec08c580ac5ce47040b9f40bc1c6a0600b8e?s=96&d=mm&r=g","contentUrl":"https:\/\/secure.gravatar.com\/avatar\/347a7e52d746752efa674a4b31a2ec08c580ac5ce47040b9f40bc1c6a0600b8e?s=96&d=mm&r=g","caption":"redaccion"}}]}},"_links":{"self":[{"href":"https:\/\/www.druni.es\/blog\/wp-json\/wp\/v2\/posts\/68314","targetHints":{"allow":["GET"]}}],"collection":[{"href":"https:\/\/www.druni.es\/blog\/wp-json\/wp\/v2\/posts"}],"about":[{"href":"https:\/\/www.druni.es\/blog\/wp-json\/wp\/v2\/types\/post"}],"author":[{"embeddable":true,"href":"https:\/\/www.druni.es\/blog\/wp-json\/wp\/v2\/users\/8"}],"replies":[{"embeddable":true,"href":"https:\/\/www.druni.es\/blog\/wp-json\/wp\/v2\/comments?post=68314"}],"version-history":[{"count":4,"href":"https:\/\/www.druni.es\/blog\/wp-json\/wp\/v2\/posts\/68314\/revisions"}],"predecessor-version":[{"id":69641,"href":"https:\/\/www.druni.es\/blog\/wp-json\/wp\/v2\/posts\/68314\/revisions\/69641"}],"wp:featuredmedia":[{"embeddable":true,"href":"https:\/\/www.druni.es\/blog\/wp-json\/wp\/v2\/media\/69604"}],"wp:attachment":[{"href":"https:\/\/www.druni.es\/blog\/wp-json\/wp\/v2\/media?parent=68314"}],"wp:term":[{"taxonomy":"category","embeddable":true,"href":"https:\/\/www.druni.es\/blog\/wp-json\/wp\/v2\/categories?post=68314"},{"taxonomy":"post_tag","embeddable":true,"href":"https:\/\/www.druni.es\/blog\/wp-json\/wp\/v2\/tags?post=68314"}],"curies":[{"name":"wp","href":"https:\/\/api.w.org\/{rel}","templated":true}]}}